{"id":4009,"date":"2025-12-10T15:30:20","date_gmt":"2025-12-10T14:30:20","guid":{"rendered":"https:\/\/tarnabyalpint.se\/?p=4009"},"modified":"2025-12-22T16:45:57","modified_gmt":"2025-12-22T15:45:57","slug":"torchlight-slalom-in-ingemarbacken-on-nyarsafton-2025","status":"publish","type":"post","link":"https:\/\/tarnabyalpint.se\/en\/aktuellt\/fackelslalom-i-ingemarbacken-pa-nyarsafton-2025\/","title":{"rendered":"Torchlight slalom in Ingemarbacken on New Year's Eve"},"content":{"rendered":"<div class=\"wpb-content-wrapper\"><div data-parent=\"true\" class=\"vc_row row-container\" id=\"row-unique-0\"><div class=\"row single-top-padding single-bottom-padding no-h-padding limit-width row-parent\"><div class=\"wpb_row row-inner\"><div class=\"wpb_column pos-top pos-center align_left column_parent col-lg-12 single-internal-gutter\"><div class=\"uncol style-light\"  ><div class=\"uncoltable\"><div class=\"uncell no-block-padding\" ><div class=\"uncont\" ><div class=\"uncode_text_column\" ><p><strong>Don't miss this New Year tradition in T\u00e4rnaby! Put on your skis, bring your children and young people and let's end the year on the slopes together.<\/strong><\/p>\n<p>We gather at 15.40 down at Ingemarliften and the torchlight train leaves the \u201dplatform\u201d at 16.00.<\/p>\n<p><strong>Tips!<\/strong> The waffle hut is open 11.30 - 15.00 and we run evening skiing in Minimonne between 18.00 - 20.00.<\/p>\n<h3>A warm welcome!<\/h3>\n<h4><a href=\"https:\/\/tarnabyalpint.se\/en\/tarnaby-calendar\/christmas-new-year-2025\/\">Ps. You can find our full Christmas programme here \u00bb<\/a><\/h4>\n<p>\n<\/div><\/div><\/div><\/div><\/div><\/div><script id=\"script-row-unique-0\" data-row=\"script-row-unique-0\" type=\"text\/javascript\" class=\"vc_controls\">UNCODE.initRow(document.getElementById(\"row-unique-0\"));<\/script><\/div><\/div><\/div>\n<\/div>","protected":false},"excerpt":{"rendered":"<p>Don't miss this New Year tradition in T\u00e4rnaby! Put on your skis, bring your children and young people and let's end the year on the slopes together.<\/p>","protected":false},"author":1,"featured_media":4010,"comment_status":"closed","ping_status":"closed","sticky":false,"template":"","format":"standard","meta":{"_acf_changed":false,"footnotes":""},"categories":[31,193],"tags":[62,67,68,69,70,71,201],"class_list":["post-4009","post","type-post","status-publish","format-standard","has-post-thumbnail","hentry","category-aktuellt","category-jul-nyars","tag-ingemarbacken","tag-nyarsafton","tag-fackelslalom","tag-fackeltag","tag-minimonne","tag-vaffelstugan","tag-nyars-2025"],"acf":[],"yoast_head":"<!-- This site is optimized with the Yoast SEO plugin v27.2 - https:\/\/yoast.com\/product\/yoast-seo-wordpress\/ -->\n<title>Fackel&shy;slalom i Ingemar&shy;backen p\u00e5 Ny\u00e5rsafton - T\u00e4rnaby Alpint<\/title>\n<meta name=\"description\" content=\"Missa inte denna ny\u00e5rstradition i T\u00e4rnaby! Ta p\u00e5 er skidorna, ta med era barn och ungdomar s\u00e5 avslutar vi \u00e5ret i skidbacken tillsammans.\" \/>\n<meta name=\"robots\" content=\"index, follow, max-snippet:-1, max-image-preview:large, max-video-preview:-1\" \/>\n<link rel=\"canonical\" href=\"https:\/\/tarnabyalpint.se\/en\/topical\/torchlight-slalom-in-ingemarbacken-on-nyarsafton-2025\/\" \/>\n<meta property=\"og:locale\" content=\"en_GB\" \/>\n<meta property=\"og:type\" content=\"article\" \/>\n<meta property=\"og:title\" content=\"Fackel&shy;slalom i Ingemar&shy;backen p\u00e5 Ny\u00e5rsafton - T\u00e4rnaby Alpint\" \/>\n<meta property=\"og:description\" content=\"Missa inte denna ny\u00e5rstradition i T\u00e4rnaby! Ta p\u00e5 er skidorna, ta med era barn och ungdomar s\u00e5 avslutar vi \u00e5ret i skidbacken tillsammans.\" \/>\n<meta property=\"og:url\" content=\"https:\/\/tarnabyalpint.se\/en\/topical\/torchlight-slalom-in-ingemarbacken-on-nyarsafton-2025\/\" \/>\n<meta property=\"og:site_name\" content=\"T\u00e4rnaby Alpint\" \/>\n<meta property=\"article:publisher\" content=\"https:\/\/www.facebook.com\/profile.php?id=100063492703007\" \/>\n<meta property=\"article:published_time\" content=\"2025-12-10T14:30:20+00:00\" \/>\n<meta property=\"article:modified_time\" content=\"2025-12-22T15:45:57+00:00\" \/>\n<meta property=\"og:image\" content=\"https:\/\/tarnabyalpint.se\/wp-content\/uploads\/2025\/12\/Nyarsafton-Fackelslalom-Skidakning-Tarnaby-Alpint-3x2-ver1-scaled.jpg\" \/>\n\t<meta property=\"og:image:width\" content=\"2560\" \/>\n\t<meta property=\"og:image:height\" content=\"1707\" \/>\n\t<meta property=\"og:image:type\" content=\"image\/jpeg\" \/>\n<meta name=\"author\" content=\"ur-admin\" \/>\n<meta name=\"twitter:card\" content=\"summary_large_image\" \/>\n<meta name=\"twitter:label1\" content=\"Written by\" \/>\n\t<meta name=\"twitter:data1\" content=\"ur-admin\" \/>\n\t<meta name=\"twitter:label2\" content=\"Estimated reading time\" \/>\n\t<meta name=\"twitter:data2\" content=\"1 minute\" \/>\n<script type=\"application\/ld+json\" class=\"yoast-schema-graph\">{\"@context\":\"https:\/\/schema.org\",\"@graph\":[{\"@type\":\"Article\",\"@id\":\"https:\/\/tarnabyalpint.se\/aktuellt\/fackelslalom-i-ingemarbacken-pa-nyarsafton-2025\/#article\",\"isPartOf\":{\"@id\":\"https:\/\/tarnabyalpint.se\/aktuellt\/fackelslalom-i-ingemarbacken-pa-nyarsafton-2025\/\"},\"author\":{\"name\":\"ur-admin\",\"@id\":\"https:\/\/tarnabyalpint.se\/#\/schema\/person\/77057fdadc9298a25d2bea0dc6f26157\"},\"headline\":\"Fackel&shy;slalom i Ingemar&shy;backen p\u00e5 Ny\u00e5rsafton\",\"datePublished\":\"2025-12-10T14:30:20+00:00\",\"dateModified\":\"2025-12-22T15:45:57+00:00\",\"mainEntityOfPage\":{\"@id\":\"https:\/\/tarnabyalpint.se\/aktuellt\/fackelslalom-i-ingemarbacken-pa-nyarsafton-2025\/\"},\"wordCount\":120,\"publisher\":{\"@id\":\"https:\/\/tarnabyalpint.se\/#organization\"},\"image\":{\"@id\":\"https:\/\/tarnabyalpint.se\/aktuellt\/fackelslalom-i-ingemarbacken-pa-nyarsafton-2025\/#primaryimage\"},\"thumbnailUrl\":\"https:\/\/tarnabyalpint.se\/wp-content\/uploads\/2025\/12\/Nyarsafton-Fackelslalom-Skidakning-Tarnaby-Alpint-3x2-ver1-scaled.jpg\",\"keywords\":[\"Ingemarbacken\",\"ny\u00e5rsafton\",\"fackelslalom\",\"fackelt\u00e5g\",\"Minimonne\",\"V\u00e5ffelstugan\",\"Ny\u00e5rs 2025\"],\"articleSection\":[\"Aktuellt\",\"Jul\/Ny\u00e5rs\"],\"inLanguage\":\"en-GB\"},{\"@type\":\"WebPage\",\"@id\":\"https:\/\/tarnabyalpint.se\/aktuellt\/fackelslalom-i-ingemarbacken-pa-nyarsafton-2025\/\",\"url\":\"https:\/\/tarnabyalpint.se\/aktuellt\/fackelslalom-i-ingemarbacken-pa-nyarsafton-2025\/\",\"name\":\"Fackel&shy;slalom i Ingemar&shy;backen p\u00e5 Ny\u00e5rsafton - T\u00e4rnaby Alpint\",\"isPartOf\":{\"@id\":\"https:\/\/tarnabyalpint.se\/#website\"},\"primaryImageOfPage\":{\"@id\":\"https:\/\/tarnabyalpint.se\/aktuellt\/fackelslalom-i-ingemarbacken-pa-nyarsafton-2025\/#primaryimage\"},\"image\":{\"@id\":\"https:\/\/tarnabyalpint.se\/aktuellt\/fackelslalom-i-ingemarbacken-pa-nyarsafton-2025\/#primaryimage\"},\"thumbnailUrl\":\"https:\/\/tarnabyalpint.se\/wp-content\/uploads\/2025\/12\/Nyarsafton-Fackelslalom-Skidakning-Tarnaby-Alpint-3x2-ver1-scaled.jpg\",\"datePublished\":\"2025-12-10T14:30:20+00:00\",\"dateModified\":\"2025-12-22T15:45:57+00:00\",\"description\":\"Missa inte denna ny\u00e5rstradition i T\u00e4rnaby! Ta p\u00e5 er skidorna, ta med era barn och ungdomar s\u00e5 avslutar vi \u00e5ret i skidbacken tillsammans.\",\"inLanguage\":\"en-GB\",\"potentialAction\":[{\"@type\":\"ReadAction\",\"target\":[\"https:\/\/tarnabyalpint.se\/aktuellt\/fackelslalom-i-ingemarbacken-pa-nyarsafton-2025\/\"]}]},{\"@type\":\"ImageObject\",\"inLanguage\":\"en-GB\",\"@id\":\"https:\/\/tarnabyalpint.se\/aktuellt\/fackelslalom-i-ingemarbacken-pa-nyarsafton-2025\/#primaryimage\",\"url\":\"https:\/\/tarnabyalpint.se\/wp-content\/uploads\/2025\/12\/Nyarsafton-Fackelslalom-Skidakning-Tarnaby-Alpint-3x2-ver1-scaled.jpg\",\"contentUrl\":\"https:\/\/tarnabyalpint.se\/wp-content\/uploads\/2025\/12\/Nyarsafton-Fackelslalom-Skidakning-Tarnaby-Alpint-3x2-ver1-scaled.jpg\",\"width\":2560,\"height\":1707,\"caption\":\"Nya\u030arsafton Fackelslalom Skida\u030akning Ta\u0308rnaby Alpint 3x2 ver1\"},{\"@type\":\"WebSite\",\"@id\":\"https:\/\/tarnabyalpint.se\/#website\",\"url\":\"https:\/\/tarnabyalpint.se\/\",\"name\":\"T\u00e4rnaby Alpint\",\"description\":\"En till WordPress-webbplats\",\"publisher\":{\"@id\":\"https:\/\/tarnabyalpint.se\/#organization\"},\"potentialAction\":[{\"@type\":\"SearchAction\",\"target\":{\"@type\":\"EntryPoint\",\"urlTemplate\":\"https:\/\/tarnabyalpint.se\/?s={search_term_string}\"},\"query-input\":{\"@type\":\"PropertyValueSpecification\",\"valueRequired\":true,\"valueName\":\"search_term_string\"}}],\"inLanguage\":\"en-GB\"},{\"@type\":\"Organization\",\"@id\":\"https:\/\/tarnabyalpint.se\/#organization\",\"name\":\"T\u00e4rnaby Alpint\",\"url\":\"https:\/\/tarnabyalpint.se\/\",\"logo\":{\"@type\":\"ImageObject\",\"inLanguage\":\"en-GB\",\"@id\":\"https:\/\/tarnabyalpint.se\/#\/schema\/logo\/image\/\",\"url\":\"https:\/\/tarnabyalpint.se\/wp-content\/uploads\/2022\/08\/tarnaby-alpint-white-blue-logo.jpg\",\"contentUrl\":\"https:\/\/tarnabyalpint.se\/wp-content\/uploads\/2022\/08\/tarnaby-alpint-white-blue-logo.jpg\",\"width\":900,\"height\":610,\"caption\":\"T\u00e4rnaby Alpint\"},\"image\":{\"@id\":\"https:\/\/tarnabyalpint.se\/#\/schema\/logo\/image\/\"},\"sameAs\":[\"https:\/\/www.facebook.com\/profile.php?id=100063492703007\"]},{\"@type\":\"Person\",\"@id\":\"https:\/\/tarnabyalpint.se\/#\/schema\/person\/77057fdadc9298a25d2bea0dc6f26157\",\"name\":\"ur-admin\",\"image\":{\"@type\":\"ImageObject\",\"inLanguage\":\"en-GB\",\"@id\":\"https:\/\/tarnabyalpint.se\/wp-content\/litespeed\/avatar\/f38d2bf85aaec3f9d5388536292cf810.jpg?ver=1777478888\",\"url\":\"https:\/\/tarnabyalpint.se\/wp-content\/litespeed\/avatar\/f38d2bf85aaec3f9d5388536292cf810.jpg?ver=1777478888\",\"contentUrl\":\"https:\/\/tarnabyalpint.se\/wp-content\/litespeed\/avatar\/f38d2bf85aaec3f9d5388536292cf810.jpg?ver=1777478888\",\"caption\":\"ur-admin\"},\"sameAs\":[\"https:\/\/tarnabyalpint.se\"]}]}<\/script>\n<!-- \/ Yoast SEO plugin. -->","yoast_head_json":{"title":"Torch slalom in Ingemarbacken on New Year's Eve - T\u00e4rnaby Alpint","description":"Don't miss this New Year tradition in T\u00e4rnaby! Put on your skis, bring your children and young people and let's end the year on the slopes together.","robots":{"index":"index","follow":"follow","max-snippet":"max-snippet:-1","max-image-preview":"max-image-preview:large","max-video-preview":"max-video-preview:-1"},"canonical":"https:\/\/tarnabyalpint.se\/en\/topical\/torchlight-slalom-in-ingemarbacken-on-nyarsafton-2025\/","og_locale":"en_GB","og_type":"article","og_title":"Fackel&shy;slalom i Ingemar&shy;backen p\u00e5 Ny\u00e5rsafton - T\u00e4rnaby Alpint","og_description":"Missa inte denna ny\u00e5rstradition i T\u00e4rnaby! Ta p\u00e5 er skidorna, ta med era barn och ungdomar s\u00e5 avslutar vi \u00e5ret i skidbacken tillsammans.","og_url":"https:\/\/tarnabyalpint.se\/en\/topical\/torchlight-slalom-in-ingemarbacken-on-nyarsafton-2025\/","og_site_name":"T\u00e4rnaby Alpint","article_publisher":"https:\/\/www.facebook.com\/profile.php?id=100063492703007","article_published_time":"2025-12-10T14:30:20+00:00","article_modified_time":"2025-12-22T15:45:57+00:00","og_image":[{"width":2560,"height":1707,"url":"https:\/\/tarnabyalpint.se\/wp-content\/uploads\/2025\/12\/Nyarsafton-Fackelslalom-Skidakning-Tarnaby-Alpint-3x2-ver1-scaled.jpg","type":"image\/jpeg"}],"author":"ur-admin","twitter_card":"summary_large_image","twitter_misc":{"Written by":"ur-admin","Estimated reading time":"1 minute"},"schema":{"@context":"https:\/\/schema.org","@graph":[{"@type":"Article","@id":"https:\/\/tarnabyalpint.se\/aktuellt\/fackelslalom-i-ingemarbacken-pa-nyarsafton-2025\/#article","isPartOf":{"@id":"https:\/\/tarnabyalpint.se\/aktuellt\/fackelslalom-i-ingemarbacken-pa-nyarsafton-2025\/"},"author":{"name":"ur-admin","@id":"https:\/\/tarnabyalpint.se\/#\/schema\/person\/77057fdadc9298a25d2bea0dc6f26157"},"headline":"Fackel&shy;slalom i Ingemar&shy;backen p\u00e5 Ny\u00e5rsafton","datePublished":"2025-12-10T14:30:20+00:00","dateModified":"2025-12-22T15:45:57+00:00","mainEntityOfPage":{"@id":"https:\/\/tarnabyalpint.se\/aktuellt\/fackelslalom-i-ingemarbacken-pa-nyarsafton-2025\/"},"wordCount":120,"publisher":{"@id":"https:\/\/tarnabyalpint.se\/#organization"},"image":{"@id":"https:\/\/tarnabyalpint.se\/aktuellt\/fackelslalom-i-ingemarbacken-pa-nyarsafton-2025\/#primaryimage"},"thumbnailUrl":"https:\/\/tarnabyalpint.se\/wp-content\/uploads\/2025\/12\/Nyarsafton-Fackelslalom-Skidakning-Tarnaby-Alpint-3x2-ver1-scaled.jpg","keywords":["Ingemarbacken","ny\u00e5rsafton","fackelslalom","fackelt\u00e5g","Minimonne","V\u00e5ffelstugan","Ny\u00e5rs 2025"],"articleSection":["Aktuellt","Jul\/Ny\u00e5rs"],"inLanguage":"en-GB"},{"@type":"WebPage","@id":"https:\/\/tarnabyalpint.se\/aktuellt\/fackelslalom-i-ingemarbacken-pa-nyarsafton-2025\/","url":"https:\/\/tarnabyalpint.se\/aktuellt\/fackelslalom-i-ingemarbacken-pa-nyarsafton-2025\/","name":"Torch slalom in Ingemarbacken on New Year's Eve - T\u00e4rnaby Alpint","isPartOf":{"@id":"https:\/\/tarnabyalpint.se\/#website"},"primaryImageOfPage":{"@id":"https:\/\/tarnabyalpint.se\/aktuellt\/fackelslalom-i-ingemarbacken-pa-nyarsafton-2025\/#primaryimage"},"image":{"@id":"https:\/\/tarnabyalpint.se\/aktuellt\/fackelslalom-i-ingemarbacken-pa-nyarsafton-2025\/#primaryimage"},"thumbnailUrl":"https:\/\/tarnabyalpint.se\/wp-content\/uploads\/2025\/12\/Nyarsafton-Fackelslalom-Skidakning-Tarnaby-Alpint-3x2-ver1-scaled.jpg","datePublished":"2025-12-10T14:30:20+00:00","dateModified":"2025-12-22T15:45:57+00:00","description":"Don't miss this New Year tradition in T\u00e4rnaby! Put on your skis, bring your children and young people and let's end the year on the slopes together.","inLanguage":"en-GB","potentialAction":[{"@type":"ReadAction","target":["https:\/\/tarnabyalpint.se\/aktuellt\/fackelslalom-i-ingemarbacken-pa-nyarsafton-2025\/"]}]},{"@type":"ImageObject","inLanguage":"en-GB","@id":"https:\/\/tarnabyalpint.se\/aktuellt\/fackelslalom-i-ingemarbacken-pa-nyarsafton-2025\/#primaryimage","url":"https:\/\/tarnabyalpint.se\/wp-content\/uploads\/2025\/12\/Nyarsafton-Fackelslalom-Skidakning-Tarnaby-Alpint-3x2-ver1-scaled.jpg","contentUrl":"https:\/\/tarnabyalpint.se\/wp-content\/uploads\/2025\/12\/Nyarsafton-Fackelslalom-Skidakning-Tarnaby-Alpint-3x2-ver1-scaled.jpg","width":2560,"height":1707,"caption":"Nya\u030arsafton Fackelslalom Skida\u030akning Ta\u0308rnaby Alpint 3x2 ver1"},{"@type":"WebSite","@id":"https:\/\/tarnabyalpint.se\/#website","url":"https:\/\/tarnabyalpint.se\/","name":"T\u00e4rnaby Alpine Skiing","description":"Another WordPress website","publisher":{"@id":"https:\/\/tarnabyalpint.se\/#organization"},"potentialAction":[{"@type":"SearchAction","target":{"@type":"EntryPoint","urlTemplate":"https:\/\/tarnabyalpint.se\/?s={search_term_string}"},"query-input":{"@type":"PropertyValueSpecification","valueRequired":true,"valueName":"search_term_string"}}],"inLanguage":"en-GB"},{"@type":"Organization","@id":"https:\/\/tarnabyalpint.se\/#organization","name":"T\u00e4rnaby Alpine Skiing","url":"https:\/\/tarnabyalpint.se\/","logo":{"@type":"ImageObject","inLanguage":"en-GB","@id":"https:\/\/tarnabyalpint.se\/#\/schema\/logo\/image\/","url":"https:\/\/tarnabyalpint.se\/wp-content\/uploads\/2022\/08\/tarnaby-alpint-white-blue-logo.jpg","contentUrl":"https:\/\/tarnabyalpint.se\/wp-content\/uploads\/2022\/08\/tarnaby-alpint-white-blue-logo.jpg","width":900,"height":610,"caption":"T\u00e4rnaby Alpint"},"image":{"@id":"https:\/\/tarnabyalpint.se\/#\/schema\/logo\/image\/"},"sameAs":["https:\/\/www.facebook.com\/profile.php?id=100063492703007"]},{"@type":"Person","@id":"https:\/\/tarnabyalpint.se\/#\/schema\/person\/77057fdadc9298a25d2bea0dc6f26157","name":"ur-admin","image":{"@type":"ImageObject","inLanguage":"en-GB","@id":"https:\/\/tarnabyalpint.se\/wp-content\/litespeed\/avatar\/f38d2bf85aaec3f9d5388536292cf810.jpg?ver=1777478888","url":"https:\/\/tarnabyalpint.se\/wp-content\/litespeed\/avatar\/f38d2bf85aaec3f9d5388536292cf810.jpg?ver=1777478888","contentUrl":"https:\/\/tarnabyalpint.se\/wp-content\/litespeed\/avatar\/f38d2bf85aaec3f9d5388536292cf810.jpg?ver=1777478888","caption":"ur-admin"},"sameAs":["https:\/\/tarnabyalpint.se"]}]}},"_links":{"self":[{"href":"https:\/\/tarnabyalpint.se\/en\/wp-json\/wp\/v2\/posts\/4009","targetHints":{"allow":["GET"]}}],"collection":[{"href":"https:\/\/tarnabyalpint.se\/en\/wp-json\/wp\/v2\/posts"}],"about":[{"href":"https:\/\/tarnabyalpint.se\/en\/wp-json\/wp\/v2\/types\/post"}],"author":[{"embeddable":true,"href":"https:\/\/tarnabyalpint.se\/en\/wp-json\/wp\/v2\/users\/1"}],"replies":[{"embeddable":true,"href":"https:\/\/tarnabyalpint.se\/en\/wp-json\/wp\/v2\/comments?post=4009"}],"version-history":[{"count":5,"href":"https:\/\/tarnabyalpint.se\/en\/wp-json\/wp\/v2\/posts\/4009\/revisions"}],"predecessor-version":[{"id":4064,"href":"https:\/\/tarnabyalpint.se\/en\/wp-json\/wp\/v2\/posts\/4009\/revisions\/4064"}],"wp:featuredmedia":[{"embeddable":true,"href":"https:\/\/tarnabyalpint.se\/en\/wp-json\/wp\/v2\/media\/4010"}],"wp:attachment":[{"href":"https:\/\/tarnabyalpint.se\/en\/wp-json\/wp\/v2\/media?parent=4009"}],"wp:term":[{"taxonomy":"category","embeddable":true,"href":"https:\/\/tarnabyalpint.se\/en\/wp-json\/wp\/v2\/categories?post=4009"},{"taxonomy":"post_tag","embeddable":true,"href":"https:\/\/tarnabyalpint.se\/en\/wp-json\/wp\/v2\/tags?post=4009"}],"curies":[{"name":"wp","href":"https:\/\/api.w.org\/{rel}","templated":true}]}}