{"id":4003,"date":"2025-12-08T10:10:02","date_gmt":"2025-12-08T09:10:02","guid":{"rendered":"https:\/\/tarnabyalpint.se\/?p=4003"},"modified":"2025-12-22T16:51:42","modified_gmt":"2025-12-22T15:51:42","slug":"the-waffle-house-we-serve-delicious-waffles-during-the-new-year-holidays-2025","status":"publish","type":"post","link":"https:\/\/tarnabyalpint.se\/en\/aktuellt\/vaffelstugan-vi-serverar-smarriga-vafflor-under-nyarshelgen-2025\/","title":{"rendered":"V\u00e5ffelstugan - we serve delicious waffles during the New Year holidays"},"content":{"rendered":"<div class=\"wpb-content-wrapper\"><div data-parent=\"true\" class=\"vc_row row-container\" id=\"row-unique-0\"><div class=\"row single-top-padding single-bottom-padding no-h-padding limit-width row-parent\"><div class=\"wpb_row row-inner\"><div class=\"wpb_column pos-top pos-center align_left column_parent col-lg-12 single-internal-gutter\"><div class=\"uncol style-light\"  ><div class=\"uncoltable\"><div class=\"uncell no-block-padding\" ><div class=\"uncont\" ><div class=\"uncode_text_column\" ><p><strong>During the New Year holidays we will serve waffles in <a href=\"https:\/\/tarnabyalpint.se\/en\/food-drink-tarnaby\/the-fig-tree-house\/\">Fika Cottage<\/a> in Ingemarbacken on 30-31 January, 11.30-15.00.<\/strong><\/p>\n<p>Remember that you are always welcome to bring your own coffee to our cosy cabin with a warming fire. Don't miss it!<\/p>\n<h3>Welcome to the programme!<\/h3>\n<p><strong><a href=\"https:\/\/tarnabyalpint.se\/en\/tarnaby-calendar\/christmas-new-year-2025\/\">The full range of Christmas activities and fun can be found here<\/a><\/strong> \u00bb<\/p>\n<\/div><\/div><\/div><\/div><\/div><\/div><script id=\"script-row-unique-0\" data-row=\"script-row-unique-0\" type=\"text\/javascript\" class=\"vc_controls\">UNCODE.initRow(document.getElementById(\"row-unique-0\"));<\/script><\/div><\/div><\/div>\n<\/div>","protected":false},"excerpt":{"rendered":"<p>During the New Year's weekend, we will serve waffles in the coffee shop in Ingemarbacken on 30-31 January, from 11.30-15.00.<\/p>","protected":false},"author":1,"featured_media":1023,"comment_status":"closed","ping_status":"closed","sticky":false,"template":"","format":"standard","meta":{"_acf_changed":false,"footnotes":""},"categories":[31,193],"tags":[62,64,65,66,71,106,107,147,201],"class_list":["post-4003","post","type-post","status-publish","format-standard","has-post-thumbnail","hentry","category-aktuellt","category-jul-nyars","tag-ingemarbacken","tag-mat","tag-fika","tag-ingemarliften","tag-vaffelstugan","tag-vafflor","tag-anjaliften","tag-fikastugan","tag-nyars-2025"],"acf":[],"yoast_head":"<!-- This site is optimized with the Yoast SEO plugin v27.2 - https:\/\/yoast.com\/product\/yoast-seo-wordpress\/ -->\n<title>V\u00e5ffelstugan \u2013 vi serverar smarriga v\u00e5fflor under ny\u00e5rshelgen - T\u00e4rnaby Alpint<\/title>\n<meta name=\"description\" content=\"Under ny\u00e5rshelgen kommer vi servera v\u00e5fflor i fikastugan i Ingemarbacken den 30-31\/1, klockan 11.30-15.00.\" \/>\n<meta name=\"robots\" content=\"index, follow, max-snippet:-1, max-image-preview:large, max-video-preview:-1\" \/>\n<link rel=\"canonical\" href=\"https:\/\/tarnabyalpint.se\/en\/topical\/the-waffle-house-we-serve-delicious-waffles-during-the-new-year-holidays-2025\/\" \/>\n<meta property=\"og:locale\" content=\"en_GB\" \/>\n<meta property=\"og:type\" content=\"article\" \/>\n<meta property=\"og:title\" content=\"V\u00e5ffelstugan \u2013 vi serverar smarriga v\u00e5fflor under ny\u00e5rshelgen - T\u00e4rnaby Alpint\" \/>\n<meta property=\"og:description\" content=\"Under ny\u00e5rshelgen kommer vi servera v\u00e5fflor i fikastugan i Ingemarbacken den 30-31\/1, klockan 11.30-15.00.\" \/>\n<meta property=\"og:url\" content=\"https:\/\/tarnabyalpint.se\/en\/topical\/the-waffle-house-we-serve-delicious-waffles-during-the-new-year-holidays-2025\/\" \/>\n<meta property=\"og:site_name\" content=\"T\u00e4rnaby Alpint\" \/>\n<meta property=\"article:publisher\" content=\"https:\/\/www.facebook.com\/profile.php?id=100063492703007\" \/>\n<meta property=\"article:published_time\" content=\"2025-12-08T09:10:02+00:00\" \/>\n<meta property=\"article:modified_time\" content=\"2025-12-22T15:51:42+00:00\" \/>\n<meta property=\"og:image\" content=\"https:\/\/tarnabyalpint.se\/wp-content\/uploads\/2022\/08\/Upptack-Tarnaby-Mat-nojen-Fikastugan-1-webb.jpg\" \/>\n\t<meta property=\"og:image:width\" content=\"1440\" \/>\n\t<meta property=\"og:image:height\" content=\"1026\" \/>\n\t<meta property=\"og:image:type\" content=\"image\/jpeg\" \/>\n<meta name=\"author\" content=\"ur-admin\" \/>\n<meta name=\"twitter:card\" content=\"summary_large_image\" \/>\n<meta name=\"twitter:label1\" content=\"Written by\" \/>\n\t<meta name=\"twitter:data1\" content=\"ur-admin\" \/>\n\t<meta name=\"twitter:label2\" content=\"Estimated reading time\" \/>\n\t<meta name=\"twitter:data2\" content=\"1 minute\" \/>\n<script type=\"application\/ld+json\" class=\"yoast-schema-graph\">{\"@context\":\"https:\/\/schema.org\",\"@graph\":[{\"@type\":\"Article\",\"@id\":\"https:\/\/tarnabyalpint.se\/aktuellt\/vaffelstugan-vi-serverar-smarriga-vafflor-under-nyarshelgen-2025\/#article\",\"isPartOf\":{\"@id\":\"https:\/\/tarnabyalpint.se\/aktuellt\/vaffelstugan-vi-serverar-smarriga-vafflor-under-nyarshelgen-2025\/\"},\"author\":{\"name\":\"ur-admin\",\"@id\":\"https:\/\/tarnabyalpint.se\/#\/schema\/person\/77057fdadc9298a25d2bea0dc6f26157\"},\"headline\":\"V\u00e5ffelstugan \u2013 vi serverar smarriga v\u00e5fflor under ny\u00e5rshelgen\",\"datePublished\":\"2025-12-08T09:10:02+00:00\",\"dateModified\":\"2025-12-22T15:51:42+00:00\",\"mainEntityOfPage\":{\"@id\":\"https:\/\/tarnabyalpint.se\/aktuellt\/vaffelstugan-vi-serverar-smarriga-vafflor-under-nyarshelgen-2025\/\"},\"wordCount\":111,\"publisher\":{\"@id\":\"https:\/\/tarnabyalpint.se\/#organization\"},\"image\":{\"@id\":\"https:\/\/tarnabyalpint.se\/aktuellt\/vaffelstugan-vi-serverar-smarriga-vafflor-under-nyarshelgen-2025\/#primaryimage\"},\"thumbnailUrl\":\"https:\/\/tarnabyalpint.se\/wp-content\/uploads\/2022\/08\/Upptack-Tarnaby-Mat-nojen-Fikastugan-1-webb.jpg\",\"keywords\":[\"Ingemarbacken\",\"mat\",\"fika\",\"Ingemarliften\",\"V\u00e5ffelstugan\",\"v\u00e5fflor\",\"Anjaliften\",\"Fikastugan\",\"Ny\u00e5rs 2025\"],\"articleSection\":[\"Aktuellt\",\"Jul\/Ny\u00e5rs\"],\"inLanguage\":\"en-GB\"},{\"@type\":\"WebPage\",\"@id\":\"https:\/\/tarnabyalpint.se\/aktuellt\/vaffelstugan-vi-serverar-smarriga-vafflor-under-nyarshelgen-2025\/\",\"url\":\"https:\/\/tarnabyalpint.se\/aktuellt\/vaffelstugan-vi-serverar-smarriga-vafflor-under-nyarshelgen-2025\/\",\"name\":\"V\u00e5ffelstugan \u2013 vi serverar smarriga v\u00e5fflor under ny\u00e5rshelgen - T\u00e4rnaby Alpint\",\"isPartOf\":{\"@id\":\"https:\/\/tarnabyalpint.se\/#website\"},\"primaryImageOfPage\":{\"@id\":\"https:\/\/tarnabyalpint.se\/aktuellt\/vaffelstugan-vi-serverar-smarriga-vafflor-under-nyarshelgen-2025\/#primaryimage\"},\"image\":{\"@id\":\"https:\/\/tarnabyalpint.se\/aktuellt\/vaffelstugan-vi-serverar-smarriga-vafflor-under-nyarshelgen-2025\/#primaryimage\"},\"thumbnailUrl\":\"https:\/\/tarnabyalpint.se\/wp-content\/uploads\/2022\/08\/Upptack-Tarnaby-Mat-nojen-Fikastugan-1-webb.jpg\",\"datePublished\":\"2025-12-08T09:10:02+00:00\",\"dateModified\":\"2025-12-22T15:51:42+00:00\",\"description\":\"Under ny\u00e5rshelgen kommer vi servera v\u00e5fflor i fikastugan i Ingemarbacken den 30-31\/1, klockan 11.30-15.00.\",\"inLanguage\":\"en-GB\",\"potentialAction\":[{\"@type\":\"ReadAction\",\"target\":[\"https:\/\/tarnabyalpint.se\/aktuellt\/vaffelstugan-vi-serverar-smarriga-vafflor-under-nyarshelgen-2025\/\"]}]},{\"@type\":\"ImageObject\",\"inLanguage\":\"en-GB\",\"@id\":\"https:\/\/tarnabyalpint.se\/aktuellt\/vaffelstugan-vi-serverar-smarriga-vafflor-under-nyarshelgen-2025\/#primaryimage\",\"url\":\"https:\/\/tarnabyalpint.se\/wp-content\/uploads\/2022\/08\/Upptack-Tarnaby-Mat-nojen-Fikastugan-1-webb.jpg\",\"contentUrl\":\"https:\/\/tarnabyalpint.se\/wp-content\/uploads\/2022\/08\/Upptack-Tarnaby-Mat-nojen-Fikastugan-1-webb.jpg\",\"width\":1440,\"height\":1026,\"caption\":\"Upptack Tarnaby Mat nojen Fikastugan 1 webb\"},{\"@type\":\"WebSite\",\"@id\":\"https:\/\/tarnabyalpint.se\/#website\",\"url\":\"https:\/\/tarnabyalpint.se\/\",\"name\":\"T\u00e4rnaby Alpint\",\"description\":\"En till WordPress-webbplats\",\"publisher\":{\"@id\":\"https:\/\/tarnabyalpint.se\/#organization\"},\"potentialAction\":[{\"@type\":\"SearchAction\",\"target\":{\"@type\":\"EntryPoint\",\"urlTemplate\":\"https:\/\/tarnabyalpint.se\/?s={search_term_string}\"},\"query-input\":{\"@type\":\"PropertyValueSpecification\",\"valueRequired\":true,\"valueName\":\"search_term_string\"}}],\"inLanguage\":\"en-GB\"},{\"@type\":\"Organization\",\"@id\":\"https:\/\/tarnabyalpint.se\/#organization\",\"name\":\"T\u00e4rnaby Alpint\",\"url\":\"https:\/\/tarnabyalpint.se\/\",\"logo\":{\"@type\":\"ImageObject\",\"inLanguage\":\"en-GB\",\"@id\":\"https:\/\/tarnabyalpint.se\/#\/schema\/logo\/image\/\",\"url\":\"https:\/\/tarnabyalpint.se\/wp-content\/uploads\/2022\/08\/tarnaby-alpint-white-blue-logo.jpg\",\"contentUrl\":\"https:\/\/tarnabyalpint.se\/wp-content\/uploads\/2022\/08\/tarnaby-alpint-white-blue-logo.jpg\",\"width\":900,\"height\":610,\"caption\":\"T\u00e4rnaby Alpint\"},\"image\":{\"@id\":\"https:\/\/tarnabyalpint.se\/#\/schema\/logo\/image\/\"},\"sameAs\":[\"https:\/\/www.facebook.com\/profile.php?id=100063492703007\"]},{\"@type\":\"Person\",\"@id\":\"https:\/\/tarnabyalpint.se\/#\/schema\/person\/77057fdadc9298a25d2bea0dc6f26157\",\"name\":\"ur-admin\",\"image\":{\"@type\":\"ImageObject\",\"inLanguage\":\"en-GB\",\"@id\":\"https:\/\/tarnabyalpint.se\/wp-content\/litespeed\/avatar\/f38d2bf85aaec3f9d5388536292cf810.jpg?ver=1777478888\",\"url\":\"https:\/\/tarnabyalpint.se\/wp-content\/litespeed\/avatar\/f38d2bf85aaec3f9d5388536292cf810.jpg?ver=1777478888\",\"contentUrl\":\"https:\/\/tarnabyalpint.se\/wp-content\/litespeed\/avatar\/f38d2bf85aaec3f9d5388536292cf810.jpg?ver=1777478888\",\"caption\":\"ur-admin\"},\"sameAs\":[\"https:\/\/tarnabyalpint.se\"]}]}<\/script>\n<!-- \/ Yoast SEO plugin. -->","yoast_head_json":{"title":"V\u00e5ffelstugan - we serve tasty waffles during the New Year holidays - T\u00e4rnaby Alpint","description":"During the New Year's weekend, we will serve waffles in the coffee shop in Ingemarbacken on 30-31 January, from 11.30-15.00.","robots":{"index":"index","follow":"follow","max-snippet":"max-snippet:-1","max-image-preview":"max-image-preview:large","max-video-preview":"max-video-preview:-1"},"canonical":"https:\/\/tarnabyalpint.se\/en\/topical\/the-waffle-house-we-serve-delicious-waffles-during-the-new-year-holidays-2025\/","og_locale":"en_GB","og_type":"article","og_title":"V\u00e5ffelstugan \u2013 vi serverar smarriga v\u00e5fflor under ny\u00e5rshelgen - T\u00e4rnaby Alpint","og_description":"Under ny\u00e5rshelgen kommer vi servera v\u00e5fflor i fikastugan i Ingemarbacken den 30-31\/1, klockan 11.30-15.00.","og_url":"https:\/\/tarnabyalpint.se\/en\/topical\/the-waffle-house-we-serve-delicious-waffles-during-the-new-year-holidays-2025\/","og_site_name":"T\u00e4rnaby Alpint","article_publisher":"https:\/\/www.facebook.com\/profile.php?id=100063492703007","article_published_time":"2025-12-08T09:10:02+00:00","article_modified_time":"2025-12-22T15:51:42+00:00","og_image":[{"width":1440,"height":1026,"url":"https:\/\/tarnabyalpint.se\/wp-content\/uploads\/2022\/08\/Upptack-Tarnaby-Mat-nojen-Fikastugan-1-webb.jpg","type":"image\/jpeg"}],"author":"ur-admin","twitter_card":"summary_large_image","twitter_misc":{"Written by":"ur-admin","Estimated reading time":"1 minute"},"schema":{"@context":"https:\/\/schema.org","@graph":[{"@type":"Article","@id":"https:\/\/tarnabyalpint.se\/aktuellt\/vaffelstugan-vi-serverar-smarriga-vafflor-under-nyarshelgen-2025\/#article","isPartOf":{"@id":"https:\/\/tarnabyalpint.se\/aktuellt\/vaffelstugan-vi-serverar-smarriga-vafflor-under-nyarshelgen-2025\/"},"author":{"name":"ur-admin","@id":"https:\/\/tarnabyalpint.se\/#\/schema\/person\/77057fdadc9298a25d2bea0dc6f26157"},"headline":"V\u00e5ffelstugan \u2013 vi serverar smarriga v\u00e5fflor under ny\u00e5rshelgen","datePublished":"2025-12-08T09:10:02+00:00","dateModified":"2025-12-22T15:51:42+00:00","mainEntityOfPage":{"@id":"https:\/\/tarnabyalpint.se\/aktuellt\/vaffelstugan-vi-serverar-smarriga-vafflor-under-nyarshelgen-2025\/"},"wordCount":111,"publisher":{"@id":"https:\/\/tarnabyalpint.se\/#organization"},"image":{"@id":"https:\/\/tarnabyalpint.se\/aktuellt\/vaffelstugan-vi-serverar-smarriga-vafflor-under-nyarshelgen-2025\/#primaryimage"},"thumbnailUrl":"https:\/\/tarnabyalpint.se\/wp-content\/uploads\/2022\/08\/Upptack-Tarnaby-Mat-nojen-Fikastugan-1-webb.jpg","keywords":["Ingemarbacken","mat","fika","Ingemarliften","V\u00e5ffelstugan","v\u00e5fflor","Anjaliften","Fikastugan","Ny\u00e5rs 2025"],"articleSection":["Aktuellt","Jul\/Ny\u00e5rs"],"inLanguage":"en-GB"},{"@type":"WebPage","@id":"https:\/\/tarnabyalpint.se\/aktuellt\/vaffelstugan-vi-serverar-smarriga-vafflor-under-nyarshelgen-2025\/","url":"https:\/\/tarnabyalpint.se\/aktuellt\/vaffelstugan-vi-serverar-smarriga-vafflor-under-nyarshelgen-2025\/","name":"V\u00e5ffelstugan - we serve tasty waffles during the New Year holidays - T\u00e4rnaby Alpint","isPartOf":{"@id":"https:\/\/tarnabyalpint.se\/#website"},"primaryImageOfPage":{"@id":"https:\/\/tarnabyalpint.se\/aktuellt\/vaffelstugan-vi-serverar-smarriga-vafflor-under-nyarshelgen-2025\/#primaryimage"},"image":{"@id":"https:\/\/tarnabyalpint.se\/aktuellt\/vaffelstugan-vi-serverar-smarriga-vafflor-under-nyarshelgen-2025\/#primaryimage"},"thumbnailUrl":"https:\/\/tarnabyalpint.se\/wp-content\/uploads\/2022\/08\/Upptack-Tarnaby-Mat-nojen-Fikastugan-1-webb.jpg","datePublished":"2025-12-08T09:10:02+00:00","dateModified":"2025-12-22T15:51:42+00:00","description":"During the New Year's weekend, we will serve waffles in the coffee shop in Ingemarbacken on 30-31 January, from 11.30-15.00.","inLanguage":"en-GB","potentialAction":[{"@type":"ReadAction","target":["https:\/\/tarnabyalpint.se\/aktuellt\/vaffelstugan-vi-serverar-smarriga-vafflor-under-nyarshelgen-2025\/"]}]},{"@type":"ImageObject","inLanguage":"en-GB","@id":"https:\/\/tarnabyalpint.se\/aktuellt\/vaffelstugan-vi-serverar-smarriga-vafflor-under-nyarshelgen-2025\/#primaryimage","url":"https:\/\/tarnabyalpint.se\/wp-content\/uploads\/2022\/08\/Upptack-Tarnaby-Mat-nojen-Fikastugan-1-webb.jpg","contentUrl":"https:\/\/tarnabyalpint.se\/wp-content\/uploads\/2022\/08\/Upptack-Tarnaby-Mat-nojen-Fikastugan-1-webb.jpg","width":1440,"height":1026,"caption":"Upptack Tarnaby Mat nojen Fikastugan 1 webb"},{"@type":"WebSite","@id":"https:\/\/tarnabyalpint.se\/#website","url":"https:\/\/tarnabyalpint.se\/","name":"T\u00e4rnaby Alpine Skiing","description":"Another WordPress website","publisher":{"@id":"https:\/\/tarnabyalpint.se\/#organization"},"potentialAction":[{"@type":"SearchAction","target":{"@type":"EntryPoint","urlTemplate":"https:\/\/tarnabyalpint.se\/?s={search_term_string}"},"query-input":{"@type":"PropertyValueSpecification","valueRequired":true,"valueName":"search_term_string"}}],"inLanguage":"en-GB"},{"@type":"Organization","@id":"https:\/\/tarnabyalpint.se\/#organization","name":"T\u00e4rnaby Alpine Skiing","url":"https:\/\/tarnabyalpint.se\/","logo":{"@type":"ImageObject","inLanguage":"en-GB","@id":"https:\/\/tarnabyalpint.se\/#\/schema\/logo\/image\/","url":"https:\/\/tarnabyalpint.se\/wp-content\/uploads\/2022\/08\/tarnaby-alpint-white-blue-logo.jpg","contentUrl":"https:\/\/tarnabyalpint.se\/wp-content\/uploads\/2022\/08\/tarnaby-alpint-white-blue-logo.jpg","width":900,"height":610,"caption":"T\u00e4rnaby Alpint"},"image":{"@id":"https:\/\/tarnabyalpint.se\/#\/schema\/logo\/image\/"},"sameAs":["https:\/\/www.facebook.com\/profile.php?id=100063492703007"]},{"@type":"Person","@id":"https:\/\/tarnabyalpint.se\/#\/schema\/person\/77057fdadc9298a25d2bea0dc6f26157","name":"ur-admin","image":{"@type":"ImageObject","inLanguage":"en-GB","@id":"https:\/\/tarnabyalpint.se\/wp-content\/litespeed\/avatar\/f38d2bf85aaec3f9d5388536292cf810.jpg?ver=1777478888","url":"https:\/\/tarnabyalpint.se\/wp-content\/litespeed\/avatar\/f38d2bf85aaec3f9d5388536292cf810.jpg?ver=1777478888","contentUrl":"https:\/\/tarnabyalpint.se\/wp-content\/litespeed\/avatar\/f38d2bf85aaec3f9d5388536292cf810.jpg?ver=1777478888","caption":"ur-admin"},"sameAs":["https:\/\/tarnabyalpint.se"]}]}},"_links":{"self":[{"href":"https:\/\/tarnabyalpint.se\/en\/wp-json\/wp\/v2\/posts\/4003","targetHints":{"allow":["GET"]}}],"collection":[{"href":"https:\/\/tarnabyalpint.se\/en\/wp-json\/wp\/v2\/posts"}],"about":[{"href":"https:\/\/tarnabyalpint.se\/en\/wp-json\/wp\/v2\/types\/post"}],"author":[{"embeddable":true,"href":"https:\/\/tarnabyalpint.se\/en\/wp-json\/wp\/v2\/users\/1"}],"replies":[{"embeddable":true,"href":"https:\/\/tarnabyalpint.se\/en\/wp-json\/wp\/v2\/comments?post=4003"}],"version-history":[{"count":2,"href":"https:\/\/tarnabyalpint.se\/en\/wp-json\/wp\/v2\/posts\/4003\/revisions"}],"predecessor-version":[{"id":4067,"href":"https:\/\/tarnabyalpint.se\/en\/wp-json\/wp\/v2\/posts\/4003\/revisions\/4067"}],"wp:featuredmedia":[{"embeddable":true,"href":"https:\/\/tarnabyalpint.se\/en\/wp-json\/wp\/v2\/media\/1023"}],"wp:attachment":[{"href":"https:\/\/tarnabyalpint.se\/en\/wp-json\/wp\/v2\/media?parent=4003"}],"wp:term":[{"taxonomy":"category","embeddable":true,"href":"https:\/\/tarnabyalpint.se\/en\/wp-json\/wp\/v2\/categories?post=4003"},{"taxonomy":"post_tag","embeddable":true,"href":"https:\/\/tarnabyalpint.se\/en\/wp-json\/wp\/v2\/tags?post=4003"}],"curies":[{"name":"wp","href":"https:\/\/api.w.org\/{rel}","templated":true}]}}