{"id":3832,"date":"2025-04-18T11:21:20","date_gmt":"2025-04-18T09:21:20","guid":{"rendered":"https:\/\/tarnabyalpint.se\/?p=3832"},"modified":"2025-05-06T10:46:42","modified_gmt":"2025-05-06T08:46:42","slug":"true-lift-pass-prices-for-the-next-winter-season-2526","status":"publish","type":"post","link":"https:\/\/tarnabyalpint.se\/en\/aktuellt\/sankta-liftkortspriser-till-nasta-vintersasong-2526\/","title":{"rendered":"Reduced lift pass prices for the next winter season"},"content":{"rendered":"<div class=\"wpb-content-wrapper\"><div data-parent=\"true\" class=\"vc_row row-container\" id=\"row-unique-0\"><div class=\"row single-top-padding single-bottom-padding no-h-padding limit-width row-parent\"><div class=\"wpb_row row-inner\"><div class=\"wpb_column pos-top pos-center align_left column_parent col-lg-12 single-internal-gutter\"><div class=\"uncol style-light\"  ><div class=\"uncoltable\"><div class=\"uncell no-block-padding\" ><div class=\"uncont\" ><div class=\"uncode_text_column\" ><\/p>\n<h3>Save up to \u00a31,600 - book your season pass by 7 May!<\/h3>\n<h5>Easter is in full swing and T\u00e4rnaby\/Hemavan looks set for a new record season in terms of the number of guests visiting the ski resorts. Ahead of the 2025\/2026 winter season, we have decided to lower the prices of our season passes. The aim is to make skiing in northern Sweden's largest ski area more accessible to more people.<\/h5>\n<p>The price adjustments that are now being implemented mainly apply to everyone who plans to ski a lot in T\u00e4rnaby\/Hemavan next season. The price of season passes will be reduced by just over 6 % for everyone who books their season pass by 7 May.<\/p>\n<p><strong>Pssst!<\/strong> Did you know that you can use your wellness allowance when you buy season passes?<\/p>\n<p><strong>Our guests of honour aged 0-6 and 75+ always travel free.<\/strong><\/p>\n<\/div><div class=\"vc_row row-internal row-container\"><div class=\"row row-child\"><div class=\"wpb_row row-inner\"><div class=\"wpb_column pos-top pos-center align_center column_child col-lg-12 single-internal-gutter\"><div class=\"uncol style-light\" ><div class=\"uncoltable\"><div class=\"uncell no-block-padding\" ><div class=\"uncont\" ><div class=\"empty-space empty-single\" ><span class=\"empty-space-inner\"><\/span><\/div>\n<span class=\"btn-container\" ><a role=\"button\"  href=\"https:\/\/boka.hemavan.nu\/boka\/se-gora\/2153767\/s%C3%A4songspass-2526\/detaljer\" class=\"custom-link btn border-width-0 btn-default btn-flat btn-icon-left\" target=\"_blank\">BUY SEASON TICKETS<\/a><\/span><div class=\"empty-space empty-single\" ><span class=\"empty-space-inner\"><\/span><\/div>\n<\/div><\/div><\/div><\/div><\/div><\/div><\/div><\/div><div class=\"vc_row row-internal row-container tablet-hidden mobile-hidden\"><div class=\"row row-child\"><div class=\"wpb_row row-inner\"><div class=\"wpb_column pos-top pos-left align_left column_child col-lg-12 single-internal-gutter\"><div class=\"uncol style-light\" ><div class=\"uncoltable\"><div class=\"uncell single-block-padding style-color-tb-pu-e6dbe5-bg  unradius-std\" ><div class=\"uncont\" ><div class=\"uncode_text_column\" ><\/p>\n<table style=\"border: 0 none;\" width=\"618\" cellspacing=\"0\" cellpadding=\"0\">\n<tbody>\n<tr style=\"border: 0 none;\">\n<td style=\"border: 0 none;\" width=\"309\">BUY BY 7 MAY<\/td>\n<td style=\"border: 0 none;\" width=\"309\">REGULAR PRICE 25\/26<\/td>\n<\/tr>\n<tr style=\"border: 0 none; background-color: #f6bcb8;\">\n<td style=\"border: 0 none;\">Adult: SEK 5 395<br \/>\n<em>Save 1 600 kr<\/em><\/td>\n<td style=\"border: 0 none;\">Adult: SEK 6 995<\/td>\n<\/tr>\n<tr style=\"border: 0 none;\">\n<td style=\"border: 0 none;\">Youth\/senior: SEK 4 395<\/td>\n<td style=\"border: 0 none;\">Youth\/senior: SEK 5 695<\/td>\n<\/tr>\n<tr style=\"border: 0 none;\">\n<td style=\"border: 0 none;\">(7-17 years &amp; 65-74 years)<br \/>\n<em>Save 1 300 kr<\/em><\/td>\n<td style=\"border: 0 none;\">(7-17 years &amp; 65-74 years)<\/td>\n<\/tr>\n<tr style=\"border: 0 none; background-color: #f6bcb8;\">\n<td style=\"border: 0 none;\">Guests of honour: FREE!<\/td>\n<td style=\"border: 0 none;\">Guests of honour: FREE!<\/td>\n<\/tr>\n<tr style=\"border: 0 none; background-color: #f6bcb8;\">\n<td style=\"border: 0 none;\">(0-6 years &amp; +75 years)<\/td>\n<td style=\"border: 0 none;\">(0-6 years &amp; +75 years)<\/td>\n<\/tr>\n<\/tbody>\n<\/table>\n<p>\n<\/div><\/div><\/div><\/div><\/div><\/div><\/div><\/div><\/div><div class=\"uncode_text_column\" ><\/p>\n<h3>Quick facts about the T\u00e4rnaby\/Hemavan season pass<\/h3>\n<ul>\n<li>Season passes give access to skiing in both Hemavan and T\u00e4rnaby from November to May. Guests get the cheapest price when they book their season pass by 7 May. You can find the offer here \u00bb<\/li>\n<li>Guests of honour of T\u00e4rnaby\/Hemavan, children aged 0-6 and people aged 75 and over continue to travel free of charge in T\u00e4rnaby\/Hemavan.<\/li>\n<li>Young people aged 7-17 and pensioners aged 65-74 have reduced prices for lift passes in T\u00e4rnaby\/Hemavan.<\/li>\n<li>Hemavan Alpint and T\u00e4rnaby Alpint, which operate the ski resorts, have a strong partnership with joint lift passes that are valid in both resorts. The price adjustments therefore apply to both Hemavan and T\u00e4rnaby.<\/li>\n<\/ul>\n<p><strong><a href=\"https:\/\/tarnabyalpint.se\/en\/lift-pass\/\">More info about our lift passes...<\/a><\/strong><\/p>\n<\/div><div class=\"vc_row row-internal row-container\"><div class=\"row row-child\"><div class=\"wpb_row row-inner\"><div class=\"wpb_column pos-top pos-center align_center column_child col-lg-12 single-internal-gutter\"><div class=\"uncol style-light\" ><div class=\"uncoltable\"><div class=\"uncell no-block-padding\" ><div class=\"uncont\" ><div class=\"uncode-single-media  text-center\"><div class=\"single-wrapper\" style=\"max-width: 70%;\"><div class=\"tmb tmb-light  tmb-media-first tmb-media-last tmb-content-overlay tmb-no-bg\"><div class=\"t-inside\"><div class=\"t-entry-visual\"><div class=\"t-entry-visual-tc\"><div class=\"uncode-single-media-wrapper\"><img decoding=\"async\" class=\"wp-image-2369\" src=\"https:\/\/tarnabyalpint.se\/wp-content\/uploads\/2022\/09\/Liftkort-Sasongskort-Tarnaby-Alpint-3st-kort-2.png\" width=\"1200\" height=\"915\" alt=\"Lift pass Sasongskort Tarnaby Alpint 3pcs cards 2\" srcset=\"https:\/\/tarnabyalpint.se\/wp-content\/uploads\/2022\/09\/Liftkort-Sasongskort-Tarnaby-Alpint-3st-kort-2.png 1200w, https:\/\/tarnabyalpint.se\/wp-content\/uploads\/2022\/09\/Liftkort-Sasongskort-Tarnaby-Alpint-3st-kort-2-600x458.png 600w, https:\/\/tarnabyalpint.se\/wp-content\/uploads\/2022\/09\/Liftkort-Sasongskort-Tarnaby-Alpint-3st-kort-2-768x586.png 768w\" sizes=\"(max-width: 1200px) 100vw, 1200px\" \/><\/div>\n\t\t\t\t\t<\/div>\n\t\t\t\t<\/div><\/div><\/div><\/div><\/div><\/div><\/div><\/div><\/div><\/div><\/div><\/div><\/div><div class=\"uncode_text_column\" ><\/p>\n<h3>Tip! If you buy a season pass, you might want to book your accommodation soon too!<\/h3>\n<p>Here on our website you will find various good options for your stay here in T\u00e4rnaby.<\/p>\n<p><strong><a href=\"https:\/\/tarnabyalpint.se\/en\/accommodation\/\">Click here for more information...<\/a><\/strong><\/p>\n<\/div><\/div><\/div><\/div><\/div><\/div><script id=\"script-row-unique-0\" data-row=\"script-row-unique-0\" type=\"text\/javascript\" class=\"vc_controls\">UNCODE.initRow(document.getElementById(\"row-unique-0\"));<\/script><\/div><\/div><\/div>\n<\/div>","protected":false},"excerpt":{"rendered":"<p>Now you can buy season passes for winter 25\/26 with a nice discount.<\/p>","protected":false},"author":1,"featured_media":3462,"comment_status":"closed","ping_status":"closed","sticky":false,"template":"","format":"standard","meta":{"_acf_changed":false,"footnotes":""},"categories":[31],"tags":[55,56,57,58,59,45,53,54],"class_list":["post-3832","post","type-post","status-publish","format-standard","has-post-thumbnail","hentry","category-aktuellt","tag-skidakning","tag-hemavan","tag-tarnaby","tag-skidsystem","tag-liftsystem","tag-offpist","tag-liftkort","tag-sasongskort"],"acf":[],"yoast_head":"<!-- This site is optimized with the Yoast SEO plugin v27.2 - https:\/\/yoast.com\/product\/yoast-seo-wordpress\/ -->\n<title>Liftkortsrabatt \u2013 k\u00f6p s\u00e4songskort f\u00f6r T\u00e4rnaby &amp; Hemavan<\/title>\n<meta name=\"robots\" content=\"index, follow, max-snippet:-1, max-image-preview:large, max-video-preview:-1\" \/>\n<link rel=\"canonical\" href=\"https:\/\/tarnabyalpint.se\/en\/topical\/true-lift-pass-prices-for-the-next-winter-season-2526\/\" \/>\n<meta property=\"og:locale\" content=\"en_GB\" \/>\n<meta property=\"og:type\" content=\"article\" \/>\n<meta property=\"og:title\" content=\"Liftkortsrabatt \u2013 k\u00f6p s\u00e4songskort f\u00f6r T\u00e4rnaby &amp; Hemavan\" \/>\n<meta property=\"og:description\" content=\"Nu kan ni k\u00f6pa s\u00e4songspass f\u00f6r vintern 25\/26 med fin rabatt.\" \/>\n<meta property=\"og:url\" content=\"https:\/\/tarnabyalpint.se\/en\/topical\/true-lift-pass-prices-for-the-next-winter-season-2526\/\" \/>\n<meta property=\"og:site_name\" content=\"T\u00e4rnaby Alpint\" \/>\n<meta property=\"article:publisher\" content=\"https:\/\/www.facebook.com\/profile.php?id=100063492703007\" \/>\n<meta property=\"article:published_time\" content=\"2025-04-18T09:21:20+00:00\" \/>\n<meta property=\"article:modified_time\" content=\"2025-05-06T08:46:42+00:00\" \/>\n<meta property=\"og:image\" content=\"https:\/\/tarnabyalpint.se\/wp-content\/uploads\/2024\/06\/Liftkort-Sasongskort-Tarnaby-Alpint-2024-webb-ver3.jpg\" \/>\n\t<meta property=\"og:image:width\" content=\"2400\" \/>\n\t<meta property=\"og:image:height\" content=\"1600\" \/>\n\t<meta property=\"og:image:type\" content=\"image\/jpeg\" \/>\n<meta name=\"author\" content=\"ur-admin\" \/>\n<meta name=\"twitter:card\" content=\"summary_large_image\" \/>\n<meta name=\"twitter:label1\" content=\"Written by\" \/>\n\t<meta name=\"twitter:data1\" content=\"ur-admin\" \/>\n\t<meta name=\"twitter:label2\" content=\"Estimated reading time\" \/>\n\t<meta name=\"twitter:data2\" content=\"3 minutes\" \/>\n<script type=\"application\/ld+json\" class=\"yoast-schema-graph\">{\"@context\":\"https:\/\/schema.org\",\"@graph\":[{\"@type\":\"Article\",\"@id\":\"https:\/\/tarnabyalpint.se\/aktuellt\/sankta-liftkortspriser-till-nasta-vintersasong-2526\/#article\",\"isPartOf\":{\"@id\":\"https:\/\/tarnabyalpint.se\/aktuellt\/sankta-liftkortspriser-till-nasta-vintersasong-2526\/\"},\"author\":{\"name\":\"ur-admin\",\"@id\":\"https:\/\/tarnabyalpint.se\/#\/schema\/person\/77057fdadc9298a25d2bea0dc6f26157\"},\"headline\":\"S\u00e4nkta liftkortspriser till n\u00e4sta vinters\u00e4song\",\"datePublished\":\"2025-04-18T09:21:20+00:00\",\"dateModified\":\"2025-05-06T08:46:42+00:00\",\"mainEntityOfPage\":{\"@id\":\"https:\/\/tarnabyalpint.se\/aktuellt\/sankta-liftkortspriser-till-nasta-vintersasong-2526\/\"},\"wordCount\":646,\"publisher\":{\"@id\":\"https:\/\/tarnabyalpint.se\/#organization\"},\"image\":{\"@id\":\"https:\/\/tarnabyalpint.se\/aktuellt\/sankta-liftkortspriser-till-nasta-vintersasong-2526\/#primaryimage\"},\"thumbnailUrl\":\"https:\/\/tarnabyalpint.se\/wp-content\/uploads\/2024\/06\/Liftkort-Sasongskort-Tarnaby-Alpint-2024-webb-ver3.jpg\",\"keywords\":[\"skid\u00e5kning\",\"Hemavan\",\"T\u00e4rnaby\",\"skidsystem\",\"liftsystem\",\"offpist\",\"liftkort\",\"s\u00e4songskort\"],\"articleSection\":[\"Aktuellt\"],\"inLanguage\":\"en-GB\"},{\"@type\":\"WebPage\",\"@id\":\"https:\/\/tarnabyalpint.se\/aktuellt\/sankta-liftkortspriser-till-nasta-vintersasong-2526\/\",\"url\":\"https:\/\/tarnabyalpint.se\/aktuellt\/sankta-liftkortspriser-till-nasta-vintersasong-2526\/\",\"name\":\"Liftkortsrabatt \u2013 k\u00f6p s\u00e4songskort f\u00f6r T\u00e4rnaby & Hemavan\",\"isPartOf\":{\"@id\":\"https:\/\/tarnabyalpint.se\/#website\"},\"primaryImageOfPage\":{\"@id\":\"https:\/\/tarnabyalpint.se\/aktuellt\/sankta-liftkortspriser-till-nasta-vintersasong-2526\/#primaryimage\"},\"image\":{\"@id\":\"https:\/\/tarnabyalpint.se\/aktuellt\/sankta-liftkortspriser-till-nasta-vintersasong-2526\/#primaryimage\"},\"thumbnailUrl\":\"https:\/\/tarnabyalpint.se\/wp-content\/uploads\/2024\/06\/Liftkort-Sasongskort-Tarnaby-Alpint-2024-webb-ver3.jpg\",\"datePublished\":\"2025-04-18T09:21:20+00:00\",\"dateModified\":\"2025-05-06T08:46:42+00:00\",\"inLanguage\":\"en-GB\",\"potentialAction\":[{\"@type\":\"ReadAction\",\"target\":[\"https:\/\/tarnabyalpint.se\/aktuellt\/sankta-liftkortspriser-till-nasta-vintersasong-2526\/\"]}]},{\"@type\":\"ImageObject\",\"inLanguage\":\"en-GB\",\"@id\":\"https:\/\/tarnabyalpint.se\/aktuellt\/sankta-liftkortspriser-till-nasta-vintersasong-2526\/#primaryimage\",\"url\":\"https:\/\/tarnabyalpint.se\/wp-content\/uploads\/2024\/06\/Liftkort-Sasongskort-Tarnaby-Alpint-2024-webb-ver3.jpg\",\"contentUrl\":\"https:\/\/tarnabyalpint.se\/wp-content\/uploads\/2024\/06\/Liftkort-Sasongskort-Tarnaby-Alpint-2024-webb-ver3.jpg\",\"width\":2400,\"height\":1600,\"caption\":\"Liftkort Sa\u0308songskort Ta\u0308rnaby Alpint 2024 webb ver3\"},{\"@type\":\"WebSite\",\"@id\":\"https:\/\/tarnabyalpint.se\/#website\",\"url\":\"https:\/\/tarnabyalpint.se\/\",\"name\":\"T\u00e4rnaby Alpint\",\"description\":\"En till WordPress-webbplats\",\"publisher\":{\"@id\":\"https:\/\/tarnabyalpint.se\/#organization\"},\"potentialAction\":[{\"@type\":\"SearchAction\",\"target\":{\"@type\":\"EntryPoint\",\"urlTemplate\":\"https:\/\/tarnabyalpint.se\/?s={search_term_string}\"},\"query-input\":{\"@type\":\"PropertyValueSpecification\",\"valueRequired\":true,\"valueName\":\"search_term_string\"}}],\"inLanguage\":\"en-GB\"},{\"@type\":\"Organization\",\"@id\":\"https:\/\/tarnabyalpint.se\/#organization\",\"name\":\"T\u00e4rnaby Alpint\",\"url\":\"https:\/\/tarnabyalpint.se\/\",\"logo\":{\"@type\":\"ImageObject\",\"inLanguage\":\"en-GB\",\"@id\":\"https:\/\/tarnabyalpint.se\/#\/schema\/logo\/image\/\",\"url\":\"https:\/\/tarnabyalpint.se\/wp-content\/uploads\/2022\/08\/tarnaby-alpint-white-blue-logo.jpg\",\"contentUrl\":\"https:\/\/tarnabyalpint.se\/wp-content\/uploads\/2022\/08\/tarnaby-alpint-white-blue-logo.jpg\",\"width\":900,\"height\":610,\"caption\":\"T\u00e4rnaby Alpint\"},\"image\":{\"@id\":\"https:\/\/tarnabyalpint.se\/#\/schema\/logo\/image\/\"},\"sameAs\":[\"https:\/\/www.facebook.com\/profile.php?id=100063492703007\"]},{\"@type\":\"Person\",\"@id\":\"https:\/\/tarnabyalpint.se\/#\/schema\/person\/77057fdadc9298a25d2bea0dc6f26157\",\"name\":\"ur-admin\",\"image\":{\"@type\":\"ImageObject\",\"inLanguage\":\"en-GB\",\"@id\":\"https:\/\/tarnabyalpint.se\/wp-content\/litespeed\/avatar\/f38d2bf85aaec3f9d5388536292cf810.jpg?ver=1776873972\",\"url\":\"https:\/\/tarnabyalpint.se\/wp-content\/litespeed\/avatar\/f38d2bf85aaec3f9d5388536292cf810.jpg?ver=1776873972\",\"contentUrl\":\"https:\/\/tarnabyalpint.se\/wp-content\/litespeed\/avatar\/f38d2bf85aaec3f9d5388536292cf810.jpg?ver=1776873972\",\"caption\":\"ur-admin\"},\"sameAs\":[\"https:\/\/tarnabyalpint.se\"]}]}<\/script>\n<!-- \/ Yoast SEO plugin. -->","yoast_head_json":{"title":"Lift pass discount - buy season passes for T\u00e4rnaby &amp; Hemavan","robots":{"index":"index","follow":"follow","max-snippet":"max-snippet:-1","max-image-preview":"max-image-preview:large","max-video-preview":"max-video-preview:-1"},"canonical":"https:\/\/tarnabyalpint.se\/en\/topical\/true-lift-pass-prices-for-the-next-winter-season-2526\/","og_locale":"en_GB","og_type":"article","og_title":"Liftkortsrabatt \u2013 k\u00f6p s\u00e4songskort f\u00f6r T\u00e4rnaby & Hemavan","og_description":"Nu kan ni k\u00f6pa s\u00e4songspass f\u00f6r vintern 25\/26 med fin rabatt.","og_url":"https:\/\/tarnabyalpint.se\/en\/topical\/true-lift-pass-prices-for-the-next-winter-season-2526\/","og_site_name":"T\u00e4rnaby Alpint","article_publisher":"https:\/\/www.facebook.com\/profile.php?id=100063492703007","article_published_time":"2025-04-18T09:21:20+00:00","article_modified_time":"2025-05-06T08:46:42+00:00","og_image":[{"width":2400,"height":1600,"url":"https:\/\/tarnabyalpint.se\/wp-content\/uploads\/2024\/06\/Liftkort-Sasongskort-Tarnaby-Alpint-2024-webb-ver3.jpg","type":"image\/jpeg"}],"author":"ur-admin","twitter_card":"summary_large_image","twitter_misc":{"Written by":"ur-admin","Estimated reading time":"3 minutes"},"schema":{"@context":"https:\/\/schema.org","@graph":[{"@type":"Article","@id":"https:\/\/tarnabyalpint.se\/aktuellt\/sankta-liftkortspriser-till-nasta-vintersasong-2526\/#article","isPartOf":{"@id":"https:\/\/tarnabyalpint.se\/aktuellt\/sankta-liftkortspriser-till-nasta-vintersasong-2526\/"},"author":{"name":"ur-admin","@id":"https:\/\/tarnabyalpint.se\/#\/schema\/person\/77057fdadc9298a25d2bea0dc6f26157"},"headline":"S\u00e4nkta liftkortspriser till n\u00e4sta vinters\u00e4song","datePublished":"2025-04-18T09:21:20+00:00","dateModified":"2025-05-06T08:46:42+00:00","mainEntityOfPage":{"@id":"https:\/\/tarnabyalpint.se\/aktuellt\/sankta-liftkortspriser-till-nasta-vintersasong-2526\/"},"wordCount":646,"publisher":{"@id":"https:\/\/tarnabyalpint.se\/#organization"},"image":{"@id":"https:\/\/tarnabyalpint.se\/aktuellt\/sankta-liftkortspriser-till-nasta-vintersasong-2526\/#primaryimage"},"thumbnailUrl":"https:\/\/tarnabyalpint.se\/wp-content\/uploads\/2024\/06\/Liftkort-Sasongskort-Tarnaby-Alpint-2024-webb-ver3.jpg","keywords":["skid\u00e5kning","Hemavan","T\u00e4rnaby","skidsystem","liftsystem","offpist","liftkort","s\u00e4songskort"],"articleSection":["Aktuellt"],"inLanguage":"en-GB"},{"@type":"WebPage","@id":"https:\/\/tarnabyalpint.se\/aktuellt\/sankta-liftkortspriser-till-nasta-vintersasong-2526\/","url":"https:\/\/tarnabyalpint.se\/aktuellt\/sankta-liftkortspriser-till-nasta-vintersasong-2526\/","name":"Lift pass discount - buy season passes for T\u00e4rnaby &amp; Hemavan","isPartOf":{"@id":"https:\/\/tarnabyalpint.se\/#website"},"primaryImageOfPage":{"@id":"https:\/\/tarnabyalpint.se\/aktuellt\/sankta-liftkortspriser-till-nasta-vintersasong-2526\/#primaryimage"},"image":{"@id":"https:\/\/tarnabyalpint.se\/aktuellt\/sankta-liftkortspriser-till-nasta-vintersasong-2526\/#primaryimage"},"thumbnailUrl":"https:\/\/tarnabyalpint.se\/wp-content\/uploads\/2024\/06\/Liftkort-Sasongskort-Tarnaby-Alpint-2024-webb-ver3.jpg","datePublished":"2025-04-18T09:21:20+00:00","dateModified":"2025-05-06T08:46:42+00:00","inLanguage":"en-GB","potentialAction":[{"@type":"ReadAction","target":["https:\/\/tarnabyalpint.se\/aktuellt\/sankta-liftkortspriser-till-nasta-vintersasong-2526\/"]}]},{"@type":"ImageObject","inLanguage":"en-GB","@id":"https:\/\/tarnabyalpint.se\/aktuellt\/sankta-liftkortspriser-till-nasta-vintersasong-2526\/#primaryimage","url":"https:\/\/tarnabyalpint.se\/wp-content\/uploads\/2024\/06\/Liftkort-Sasongskort-Tarnaby-Alpint-2024-webb-ver3.jpg","contentUrl":"https:\/\/tarnabyalpint.se\/wp-content\/uploads\/2024\/06\/Liftkort-Sasongskort-Tarnaby-Alpint-2024-webb-ver3.jpg","width":2400,"height":1600,"caption":"Liftkort Sa\u0308songskort Ta\u0308rnaby Alpint 2024 webb ver3"},{"@type":"WebSite","@id":"https:\/\/tarnabyalpint.se\/#website","url":"https:\/\/tarnabyalpint.se\/","name":"T\u00e4rnaby Alpine Skiing","description":"Another WordPress website","publisher":{"@id":"https:\/\/tarnabyalpint.se\/#organization"},"potentialAction":[{"@type":"SearchAction","target":{"@type":"EntryPoint","urlTemplate":"https:\/\/tarnabyalpint.se\/?s={search_term_string}"},"query-input":{"@type":"PropertyValueSpecification","valueRequired":true,"valueName":"search_term_string"}}],"inLanguage":"en-GB"},{"@type":"Organization","@id":"https:\/\/tarnabyalpint.se\/#organization","name":"T\u00e4rnaby Alpine Skiing","url":"https:\/\/tarnabyalpint.se\/","logo":{"@type":"ImageObject","inLanguage":"en-GB","@id":"https:\/\/tarnabyalpint.se\/#\/schema\/logo\/image\/","url":"https:\/\/tarnabyalpint.se\/wp-content\/uploads\/2022\/08\/tarnaby-alpint-white-blue-logo.jpg","contentUrl":"https:\/\/tarnabyalpint.se\/wp-content\/uploads\/2022\/08\/tarnaby-alpint-white-blue-logo.jpg","width":900,"height":610,"caption":"T\u00e4rnaby Alpint"},"image":{"@id":"https:\/\/tarnabyalpint.se\/#\/schema\/logo\/image\/"},"sameAs":["https:\/\/www.facebook.com\/profile.php?id=100063492703007"]},{"@type":"Person","@id":"https:\/\/tarnabyalpint.se\/#\/schema\/person\/77057fdadc9298a25d2bea0dc6f26157","name":"ur-admin","image":{"@type":"ImageObject","inLanguage":"en-GB","@id":"https:\/\/tarnabyalpint.se\/wp-content\/litespeed\/avatar\/f38d2bf85aaec3f9d5388536292cf810.jpg?ver=1776873972","url":"https:\/\/tarnabyalpint.se\/wp-content\/litespeed\/avatar\/f38d2bf85aaec3f9d5388536292cf810.jpg?ver=1776873972","contentUrl":"https:\/\/tarnabyalpint.se\/wp-content\/litespeed\/avatar\/f38d2bf85aaec3f9d5388536292cf810.jpg?ver=1776873972","caption":"ur-admin"},"sameAs":["https:\/\/tarnabyalpint.se"]}]}},"_links":{"self":[{"href":"https:\/\/tarnabyalpint.se\/en\/wp-json\/wp\/v2\/posts\/3832","targetHints":{"allow":["GET"]}}],"collection":[{"href":"https:\/\/tarnabyalpint.se\/en\/wp-json\/wp\/v2\/posts"}],"about":[{"href":"https:\/\/tarnabyalpint.se\/en\/wp-json\/wp\/v2\/types\/post"}],"author":[{"embeddable":true,"href":"https:\/\/tarnabyalpint.se\/en\/wp-json\/wp\/v2\/users\/1"}],"replies":[{"embeddable":true,"href":"https:\/\/tarnabyalpint.se\/en\/wp-json\/wp\/v2\/comments?post=3832"}],"version-history":[{"count":12,"href":"https:\/\/tarnabyalpint.se\/en\/wp-json\/wp\/v2\/posts\/3832\/revisions"}],"predecessor-version":[{"id":3851,"href":"https:\/\/tarnabyalpint.se\/en\/wp-json\/wp\/v2\/posts\/3832\/revisions\/3851"}],"wp:featuredmedia":[{"embeddable":true,"href":"https:\/\/tarnabyalpint.se\/en\/wp-json\/wp\/v2\/media\/3462"}],"wp:attachment":[{"href":"https:\/\/tarnabyalpint.se\/en\/wp-json\/wp\/v2\/media?parent=3832"}],"wp:term":[{"taxonomy":"category","embeddable":true,"href":"https:\/\/tarnabyalpint.se\/en\/wp-json\/wp\/v2\/categories?post=3832"},{"taxonomy":"post_tag","embeddable":true,"href":"https:\/\/tarnabyalpint.se\/en\/wp-json\/wp\/v2\/tags?post=3832"}],"curies":[{"name":"wp","href":"https:\/\/api.w.org\/{rel}","templated":true}]}}