{"id":3640,"date":"2025-02-06T16:15:24","date_gmt":"2025-02-06T15:15:24","guid":{"rendered":"https:\/\/tarnabyalpint.se\/?p=3640"},"modified":"2025-04-09T13:08:37","modified_gmt":"2025-04-09T11:08:37","slug":"waffles-and-cosiness-by-the-fire-during-the-sports-holidays-come-to-the-waffle-hut-2025","status":"publish","type":"post","link":"https:\/\/tarnabyalpint.se\/en\/aktuellt\/vafflor-och-mys-vid-brasan-under-sportlovet-kom-till-vaffelstugan-2025\/","title":{"rendered":"Waffles and cosiness by the fire during the Sportlovet - come to V\u00e5ffelstugan"},"content":{"rendered":"<p><strong>Under S<\/strong><strong>port law, we will serve waffles in <a href=\"https:\/\/tarnabyalpint.se\/en\/food-drink-tarnaby\/the-fig-tree-house\/\">Fika Cottage<\/a> in the Ingemar hill.<\/strong><\/p>\n<p>Remember that you are always welcome to bring your own coffee to our cosy cabin with a warming fire. Don't miss it!<\/p>\n<p><strong>Opening hours:<\/strong> 11:30-15:00<\/p>\n<p><strong>Date:<\/strong> 22\/2-23\/2, 26\/2-2\/3, 5\/3-8\/3<\/p>\n<h3>Welcome to the programme!<\/h3>\n<p><strong><a href=\"\/en\/tarnaby-calendar\/sportlovsspecial\/\">You can find the full range of activities and fun for the sports holidays here<\/a><\/strong> \u00bb<\/p>","protected":false},"excerpt":{"rendered":"<p>During the sports holidays we will serve waffles in Fikastugan in Ingemarbacken.<\/p>","protected":false},"author":1,"featured_media":1023,"comment_status":"closed","ping_status":"closed","sticky":false,"template":"","format":"standard","meta":{"_acf_changed":false,"footnotes":""},"categories":[31,192],"tags":[66,71,92,106,107,147,184,62,64,65],"class_list":["post-3640","post","type-post","status-publish","format-standard","has-post-thumbnail","hentry","category-aktuellt","category-sportlov","tag-ingemarliften","tag-vaffelstugan","tag-sportlov","tag-vafflor","tag-anjaliften","tag-fikastugan","tag-sportlov-2025","tag-ingemarbacken","tag-mat","tag-fika"],"acf":[],"yoast_head":"<!-- This site is optimized with the Yoast SEO plugin v27.2 - https:\/\/yoast.com\/product\/yoast-seo-wordpress\/ -->\n<title>V\u00e5fflor och mys vid brasan under Sportlovet \u2013 kom till V\u00e5ffelstugan - T\u00e4rnaby Alpint<\/title>\n<meta name=\"robots\" content=\"index, follow, max-snippet:-1, max-image-preview:large, max-video-preview:-1\" \/>\n<link rel=\"canonical\" href=\"https:\/\/tarnabyalpint.se\/en\/topical\/waffles-and-cosiness-by-the-fire-during-the-sports-holidays-come-to-the-waffle-hut-2025\/\" \/>\n<meta property=\"og:locale\" content=\"en_GB\" \/>\n<meta property=\"og:type\" content=\"article\" \/>\n<meta property=\"og:title\" content=\"V\u00e5fflor och mys vid brasan under Sportlovet \u2013 kom till V\u00e5ffelstugan - T\u00e4rnaby Alpint\" \/>\n<meta property=\"og:description\" content=\"Under Sportloven kommer vi servera v\u00e5fflor i Fikastugan i Ingemarbacken.\" \/>\n<meta property=\"og:url\" content=\"https:\/\/tarnabyalpint.se\/en\/topical\/waffles-and-cosiness-by-the-fire-during-the-sports-holidays-come-to-the-waffle-hut-2025\/\" \/>\n<meta property=\"og:site_name\" content=\"T\u00e4rnaby Alpint\" \/>\n<meta property=\"article:publisher\" content=\"https:\/\/www.facebook.com\/profile.php?id=100063492703007\" \/>\n<meta property=\"article:published_time\" content=\"2025-02-06T15:15:24+00:00\" \/>\n<meta property=\"article:modified_time\" content=\"2025-04-09T11:08:37+00:00\" \/>\n<meta property=\"og:image\" content=\"https:\/\/tarnabyalpint.se\/wp-content\/uploads\/2022\/08\/Upptack-Tarnaby-Mat-nojen-Fikastugan-1-webb.jpg\" \/>\n\t<meta property=\"og:image:width\" content=\"1440\" \/>\n\t<meta property=\"og:image:height\" content=\"1026\" \/>\n\t<meta property=\"og:image:type\" content=\"image\/jpeg\" \/>\n<meta name=\"author\" content=\"ur-admin\" \/>\n<meta name=\"twitter:card\" content=\"summary_large_image\" \/>\n<meta name=\"twitter:label1\" content=\"Written by\" \/>\n\t<meta name=\"twitter:data1\" content=\"ur-admin\" \/>\n\t<meta name=\"twitter:label2\" content=\"Estimated reading time\" \/>\n\t<meta name=\"twitter:data2\" content=\"1 minute\" \/>\n<script type=\"application\/ld+json\" class=\"yoast-schema-graph\">{\"@context\":\"https:\/\/schema.org\",\"@graph\":[{\"@type\":\"Article\",\"@id\":\"https:\/\/tarnabyalpint.se\/aktuellt\/vafflor-och-mys-vid-brasan-under-sportlovet-kom-till-vaffelstugan-2025\/#article\",\"isPartOf\":{\"@id\":\"https:\/\/tarnabyalpint.se\/aktuellt\/vafflor-och-mys-vid-brasan-under-sportlovet-kom-till-vaffelstugan-2025\/\"},\"author\":{\"name\":\"ur-admin\",\"@id\":\"https:\/\/tarnabyalpint.se\/#\/schema\/person\/77057fdadc9298a25d2bea0dc6f26157\"},\"headline\":\"V\u00e5fflor och mys vid brasan under Sportlovet \u2013 kom till V\u00e5ffelstugan\",\"datePublished\":\"2025-02-06T15:15:24+00:00\",\"dateModified\":\"2025-04-09T11:08:37+00:00\",\"mainEntityOfPage\":{\"@id\":\"https:\/\/tarnabyalpint.se\/aktuellt\/vafflor-och-mys-vid-brasan-under-sportlovet-kom-till-vaffelstugan-2025\/\"},\"wordCount\":70,\"publisher\":{\"@id\":\"https:\/\/tarnabyalpint.se\/#organization\"},\"image\":{\"@id\":\"https:\/\/tarnabyalpint.se\/aktuellt\/vafflor-och-mys-vid-brasan-under-sportlovet-kom-till-vaffelstugan-2025\/#primaryimage\"},\"thumbnailUrl\":\"https:\/\/tarnabyalpint.se\/wp-content\/uploads\/2022\/08\/Upptack-Tarnaby-Mat-nojen-Fikastugan-1-webb.jpg\",\"keywords\":[\"Ingemarliften\",\"V\u00e5ffelstugan\",\"Sportlov\",\"v\u00e5fflor\",\"Anjaliften\",\"Fikastugan\",\"Sportlov 2025\",\"Ingemarbacken\",\"mat\",\"fika\"],\"articleSection\":[\"Aktuellt\",\"Sportlov\"],\"inLanguage\":\"en-GB\"},{\"@type\":\"WebPage\",\"@id\":\"https:\/\/tarnabyalpint.se\/aktuellt\/vafflor-och-mys-vid-brasan-under-sportlovet-kom-till-vaffelstugan-2025\/\",\"url\":\"https:\/\/tarnabyalpint.se\/aktuellt\/vafflor-och-mys-vid-brasan-under-sportlovet-kom-till-vaffelstugan-2025\/\",\"name\":\"V\u00e5fflor och mys vid brasan under Sportlovet \u2013 kom till V\u00e5ffelstugan - T\u00e4rnaby Alpint\",\"isPartOf\":{\"@id\":\"https:\/\/tarnabyalpint.se\/#website\"},\"primaryImageOfPage\":{\"@id\":\"https:\/\/tarnabyalpint.se\/aktuellt\/vafflor-och-mys-vid-brasan-under-sportlovet-kom-till-vaffelstugan-2025\/#primaryimage\"},\"image\":{\"@id\":\"https:\/\/tarnabyalpint.se\/aktuellt\/vafflor-och-mys-vid-brasan-under-sportlovet-kom-till-vaffelstugan-2025\/#primaryimage\"},\"thumbnailUrl\":\"https:\/\/tarnabyalpint.se\/wp-content\/uploads\/2022\/08\/Upptack-Tarnaby-Mat-nojen-Fikastugan-1-webb.jpg\",\"datePublished\":\"2025-02-06T15:15:24+00:00\",\"dateModified\":\"2025-04-09T11:08:37+00:00\",\"inLanguage\":\"en-GB\",\"potentialAction\":[{\"@type\":\"ReadAction\",\"target\":[\"https:\/\/tarnabyalpint.se\/aktuellt\/vafflor-och-mys-vid-brasan-under-sportlovet-kom-till-vaffelstugan-2025\/\"]}]},{\"@type\":\"ImageObject\",\"inLanguage\":\"en-GB\",\"@id\":\"https:\/\/tarnabyalpint.se\/aktuellt\/vafflor-och-mys-vid-brasan-under-sportlovet-kom-till-vaffelstugan-2025\/#primaryimage\",\"url\":\"https:\/\/tarnabyalpint.se\/wp-content\/uploads\/2022\/08\/Upptack-Tarnaby-Mat-nojen-Fikastugan-1-webb.jpg\",\"contentUrl\":\"https:\/\/tarnabyalpint.se\/wp-content\/uploads\/2022\/08\/Upptack-Tarnaby-Mat-nojen-Fikastugan-1-webb.jpg\",\"width\":1440,\"height\":1026,\"caption\":\"Upptack Tarnaby Mat nojen Fikastugan 1 webb\"},{\"@type\":\"WebSite\",\"@id\":\"https:\/\/tarnabyalpint.se\/#website\",\"url\":\"https:\/\/tarnabyalpint.se\/\",\"name\":\"T\u00e4rnaby Alpint\",\"description\":\"En till WordPress-webbplats\",\"publisher\":{\"@id\":\"https:\/\/tarnabyalpint.se\/#organization\"},\"potentialAction\":[{\"@type\":\"SearchAction\",\"target\":{\"@type\":\"EntryPoint\",\"urlTemplate\":\"https:\/\/tarnabyalpint.se\/?s={search_term_string}\"},\"query-input\":{\"@type\":\"PropertyValueSpecification\",\"valueRequired\":true,\"valueName\":\"search_term_string\"}}],\"inLanguage\":\"en-GB\"},{\"@type\":\"Organization\",\"@id\":\"https:\/\/tarnabyalpint.se\/#organization\",\"name\":\"T\u00e4rnaby Alpint\",\"url\":\"https:\/\/tarnabyalpint.se\/\",\"logo\":{\"@type\":\"ImageObject\",\"inLanguage\":\"en-GB\",\"@id\":\"https:\/\/tarnabyalpint.se\/#\/schema\/logo\/image\/\",\"url\":\"https:\/\/tarnabyalpint.se\/wp-content\/uploads\/2022\/08\/tarnaby-alpint-white-blue-logo.jpg\",\"contentUrl\":\"https:\/\/tarnabyalpint.se\/wp-content\/uploads\/2022\/08\/tarnaby-alpint-white-blue-logo.jpg\",\"width\":900,\"height\":610,\"caption\":\"T\u00e4rnaby Alpint\"},\"image\":{\"@id\":\"https:\/\/tarnabyalpint.se\/#\/schema\/logo\/image\/\"},\"sameAs\":[\"https:\/\/www.facebook.com\/profile.php?id=100063492703007\"]},{\"@type\":\"Person\",\"@id\":\"https:\/\/tarnabyalpint.se\/#\/schema\/person\/77057fdadc9298a25d2bea0dc6f26157\",\"name\":\"ur-admin\",\"image\":{\"@type\":\"ImageObject\",\"inLanguage\":\"en-GB\",\"@id\":\"https:\/\/tarnabyalpint.se\/wp-content\/litespeed\/avatar\/f38d2bf85aaec3f9d5388536292cf810.jpg?ver=1776873972\",\"url\":\"https:\/\/tarnabyalpint.se\/wp-content\/litespeed\/avatar\/f38d2bf85aaec3f9d5388536292cf810.jpg?ver=1776873972\",\"contentUrl\":\"https:\/\/tarnabyalpint.se\/wp-content\/litespeed\/avatar\/f38d2bf85aaec3f9d5388536292cf810.jpg?ver=1776873972\",\"caption\":\"ur-admin\"},\"sameAs\":[\"https:\/\/tarnabyalpint.se\"]}]}<\/script>\n<!-- \/ Yoast SEO plugin. -->","yoast_head_json":{"title":"Waffles and cosiness by the fire during the Sportlovet - come to V\u00e5ffelstugan - T\u00e4rnaby Alpint","robots":{"index":"index","follow":"follow","max-snippet":"max-snippet:-1","max-image-preview":"max-image-preview:large","max-video-preview":"max-video-preview:-1"},"canonical":"https:\/\/tarnabyalpint.se\/en\/topical\/waffles-and-cosiness-by-the-fire-during-the-sports-holidays-come-to-the-waffle-hut-2025\/","og_locale":"en_GB","og_type":"article","og_title":"V\u00e5fflor och mys vid brasan under Sportlovet \u2013 kom till V\u00e5ffelstugan - T\u00e4rnaby Alpint","og_description":"Under Sportloven kommer vi servera v\u00e5fflor i Fikastugan i Ingemarbacken.","og_url":"https:\/\/tarnabyalpint.se\/en\/topical\/waffles-and-cosiness-by-the-fire-during-the-sports-holidays-come-to-the-waffle-hut-2025\/","og_site_name":"T\u00e4rnaby Alpint","article_publisher":"https:\/\/www.facebook.com\/profile.php?id=100063492703007","article_published_time":"2025-02-06T15:15:24+00:00","article_modified_time":"2025-04-09T11:08:37+00:00","og_image":[{"width":1440,"height":1026,"url":"https:\/\/tarnabyalpint.se\/wp-content\/uploads\/2022\/08\/Upptack-Tarnaby-Mat-nojen-Fikastugan-1-webb.jpg","type":"image\/jpeg"}],"author":"ur-admin","twitter_card":"summary_large_image","twitter_misc":{"Written by":"ur-admin","Estimated reading time":"1 minute"},"schema":{"@context":"https:\/\/schema.org","@graph":[{"@type":"Article","@id":"https:\/\/tarnabyalpint.se\/aktuellt\/vafflor-och-mys-vid-brasan-under-sportlovet-kom-till-vaffelstugan-2025\/#article","isPartOf":{"@id":"https:\/\/tarnabyalpint.se\/aktuellt\/vafflor-och-mys-vid-brasan-under-sportlovet-kom-till-vaffelstugan-2025\/"},"author":{"name":"ur-admin","@id":"https:\/\/tarnabyalpint.se\/#\/schema\/person\/77057fdadc9298a25d2bea0dc6f26157"},"headline":"V\u00e5fflor och mys vid brasan under Sportlovet \u2013 kom till V\u00e5ffelstugan","datePublished":"2025-02-06T15:15:24+00:00","dateModified":"2025-04-09T11:08:37+00:00","mainEntityOfPage":{"@id":"https:\/\/tarnabyalpint.se\/aktuellt\/vafflor-och-mys-vid-brasan-under-sportlovet-kom-till-vaffelstugan-2025\/"},"wordCount":70,"publisher":{"@id":"https:\/\/tarnabyalpint.se\/#organization"},"image":{"@id":"https:\/\/tarnabyalpint.se\/aktuellt\/vafflor-och-mys-vid-brasan-under-sportlovet-kom-till-vaffelstugan-2025\/#primaryimage"},"thumbnailUrl":"https:\/\/tarnabyalpint.se\/wp-content\/uploads\/2022\/08\/Upptack-Tarnaby-Mat-nojen-Fikastugan-1-webb.jpg","keywords":["Ingemarliften","V\u00e5ffelstugan","Sportlov","v\u00e5fflor","Anjaliften","Fikastugan","Sportlov 2025","Ingemarbacken","mat","fika"],"articleSection":["Aktuellt","Sportlov"],"inLanguage":"en-GB"},{"@type":"WebPage","@id":"https:\/\/tarnabyalpint.se\/aktuellt\/vafflor-och-mys-vid-brasan-under-sportlovet-kom-till-vaffelstugan-2025\/","url":"https:\/\/tarnabyalpint.se\/aktuellt\/vafflor-och-mys-vid-brasan-under-sportlovet-kom-till-vaffelstugan-2025\/","name":"Waffles and cosiness by the fire during the Sportlovet - come to V\u00e5ffelstugan - T\u00e4rnaby Alpint","isPartOf":{"@id":"https:\/\/tarnabyalpint.se\/#website"},"primaryImageOfPage":{"@id":"https:\/\/tarnabyalpint.se\/aktuellt\/vafflor-och-mys-vid-brasan-under-sportlovet-kom-till-vaffelstugan-2025\/#primaryimage"},"image":{"@id":"https:\/\/tarnabyalpint.se\/aktuellt\/vafflor-och-mys-vid-brasan-under-sportlovet-kom-till-vaffelstugan-2025\/#primaryimage"},"thumbnailUrl":"https:\/\/tarnabyalpint.se\/wp-content\/uploads\/2022\/08\/Upptack-Tarnaby-Mat-nojen-Fikastugan-1-webb.jpg","datePublished":"2025-02-06T15:15:24+00:00","dateModified":"2025-04-09T11:08:37+00:00","inLanguage":"en-GB","potentialAction":[{"@type":"ReadAction","target":["https:\/\/tarnabyalpint.se\/aktuellt\/vafflor-och-mys-vid-brasan-under-sportlovet-kom-till-vaffelstugan-2025\/"]}]},{"@type":"ImageObject","inLanguage":"en-GB","@id":"https:\/\/tarnabyalpint.se\/aktuellt\/vafflor-och-mys-vid-brasan-under-sportlovet-kom-till-vaffelstugan-2025\/#primaryimage","url":"https:\/\/tarnabyalpint.se\/wp-content\/uploads\/2022\/08\/Upptack-Tarnaby-Mat-nojen-Fikastugan-1-webb.jpg","contentUrl":"https:\/\/tarnabyalpint.se\/wp-content\/uploads\/2022\/08\/Upptack-Tarnaby-Mat-nojen-Fikastugan-1-webb.jpg","width":1440,"height":1026,"caption":"Upptack Tarnaby Mat nojen Fikastugan 1 webb"},{"@type":"WebSite","@id":"https:\/\/tarnabyalpint.se\/#website","url":"https:\/\/tarnabyalpint.se\/","name":"T\u00e4rnaby Alpine Skiing","description":"Another WordPress website","publisher":{"@id":"https:\/\/tarnabyalpint.se\/#organization"},"potentialAction":[{"@type":"SearchAction","target":{"@type":"EntryPoint","urlTemplate":"https:\/\/tarnabyalpint.se\/?s={search_term_string}"},"query-input":{"@type":"PropertyValueSpecification","valueRequired":true,"valueName":"search_term_string"}}],"inLanguage":"en-GB"},{"@type":"Organization","@id":"https:\/\/tarnabyalpint.se\/#organization","name":"T\u00e4rnaby Alpine Skiing","url":"https:\/\/tarnabyalpint.se\/","logo":{"@type":"ImageObject","inLanguage":"en-GB","@id":"https:\/\/tarnabyalpint.se\/#\/schema\/logo\/image\/","url":"https:\/\/tarnabyalpint.se\/wp-content\/uploads\/2022\/08\/tarnaby-alpint-white-blue-logo.jpg","contentUrl":"https:\/\/tarnabyalpint.se\/wp-content\/uploads\/2022\/08\/tarnaby-alpint-white-blue-logo.jpg","width":900,"height":610,"caption":"T\u00e4rnaby Alpint"},"image":{"@id":"https:\/\/tarnabyalpint.se\/#\/schema\/logo\/image\/"},"sameAs":["https:\/\/www.facebook.com\/profile.php?id=100063492703007"]},{"@type":"Person","@id":"https:\/\/tarnabyalpint.se\/#\/schema\/person\/77057fdadc9298a25d2bea0dc6f26157","name":"ur-admin","image":{"@type":"ImageObject","inLanguage":"en-GB","@id":"https:\/\/tarnabyalpint.se\/wp-content\/litespeed\/avatar\/f38d2bf85aaec3f9d5388536292cf810.jpg?ver=1776873972","url":"https:\/\/tarnabyalpint.se\/wp-content\/litespeed\/avatar\/f38d2bf85aaec3f9d5388536292cf810.jpg?ver=1776873972","contentUrl":"https:\/\/tarnabyalpint.se\/wp-content\/litespeed\/avatar\/f38d2bf85aaec3f9d5388536292cf810.jpg?ver=1776873972","caption":"ur-admin"},"sameAs":["https:\/\/tarnabyalpint.se"]}]}},"_links":{"self":[{"href":"https:\/\/tarnabyalpint.se\/en\/wp-json\/wp\/v2\/posts\/3640","targetHints":{"allow":["GET"]}}],"collection":[{"href":"https:\/\/tarnabyalpint.se\/en\/wp-json\/wp\/v2\/posts"}],"about":[{"href":"https:\/\/tarnabyalpint.se\/en\/wp-json\/wp\/v2\/types\/post"}],"author":[{"embeddable":true,"href":"https:\/\/tarnabyalpint.se\/en\/wp-json\/wp\/v2\/users\/1"}],"replies":[{"embeddable":true,"href":"https:\/\/tarnabyalpint.se\/en\/wp-json\/wp\/v2\/comments?post=3640"}],"version-history":[{"count":4,"href":"https:\/\/tarnabyalpint.se\/en\/wp-json\/wp\/v2\/posts\/3640\/revisions"}],"predecessor-version":[{"id":3703,"href":"https:\/\/tarnabyalpint.se\/en\/wp-json\/wp\/v2\/posts\/3640\/revisions\/3703"}],"wp:featuredmedia":[{"embeddable":true,"href":"https:\/\/tarnabyalpint.se\/en\/wp-json\/wp\/v2\/media\/1023"}],"wp:attachment":[{"href":"https:\/\/tarnabyalpint.se\/en\/wp-json\/wp\/v2\/media?parent=3640"}],"wp:term":[{"taxonomy":"category","embeddable":true,"href":"https:\/\/tarnabyalpint.se\/en\/wp-json\/wp\/v2\/categories?post=3640"},{"taxonomy":"post_tag","embeddable":true,"href":"https:\/\/tarnabyalpint.se\/en\/wp-json\/wp\/v2\/tags?post=3640"}],"curies":[{"name":"wp","href":"https:\/\/api.w.org\/{rel}","templated":true}]}}