{"id":3511,"date":"2024-11-19T17:44:00","date_gmt":"2024-11-19T16:44:00","guid":{"rendered":"https:\/\/tarnabyalpint.se\/?p=3511"},"modified":"2024-11-20T08:15:48","modified_gmt":"2024-11-20T07:15:48","slug":"season-premiere-come-and-ski-in-tarnaby-on-thursday-23rd-november","status":"publish","type":"post","link":"https:\/\/tarnabyalpint.se\/en\/aktuellt\/sasongspremiar-kom-och-ak-skidor-i-tarnaby-lordag-den-23e-november\/","title":{"rendered":"Season premiere - come and ski in T\u00e4rnaby on Saturday 23 November"},"content":{"rendered":"<div class=\"wpb-content-wrapper\"><div data-parent=\"true\" class=\"vc_row row-container\" id=\"row-unique-0\"><div class=\"row single-top-padding single-bottom-padding no-h-padding limit-width row-parent\"><div class=\"wpb_row row-inner\"><div class=\"wpb_column pos-top pos-left align_left column_parent col-lg-12 single-internal-gutter\"><div class=\"uncol style-light\"  ><div class=\"uncoltable\"><div class=\"uncell no-block-padding\" ><div class=\"uncont\" ><div class=\"uncode_text_column\" ><p><strong>We are now starting the skiing in T\u00e4rnaby. On Saturday 23 November at 10:00 we will open the Ingemarbacken for the season from the coffee shop. We are ready for another winter with lots of skiing adventures in the mountains!\u00a0<\/strong><\/p>\n<p>Lift passes for the pre-season in T\u00e4rnaby can be bought at Ingemarbacken. If you have the annual pass for T\u00e4rnaby \/ Hemavan, it is already valid from the season premiere.<\/p>\n<p>We are working as quickly as we can to open up more of the area around Ingemarbacken, and we will be posting this information on our social media channels.<\/p>\n<h4>Welcome to T\u00e4rnaby and the 2024\/2025 ski season!<\/h4>\n<p>\n<\/div><div class=\"vc_row row-internal row-container\"><div class=\"row row-child\"><div class=\"wpb_row row-inner\"><div class=\"wpb_column pos-top pos-left align_left column_child col-lg-12 single-internal-gutter\"><div class=\"uncol style-light\" ><div class=\"uncoltable\"><div class=\"uncell no-block-padding  unradius-std\" ><div class=\"uncont\" ><div class=\"uncode-single-media  text-left\"><div class=\"single-wrapper\" style=\"max-width: 70%;\"><div class=\"tmb tmb-light  img-round img-round-std tmb-media-first tmb-media-last tmb-content-overlay tmb-no-bg\"><div class=\"t-inside\"><div class=\"t-entry-visual\"><div class=\"t-entry-visual-tc\"><div class=\"uncode-single-media-wrapper img-round img-round-std\"><img decoding=\"async\" class=\"wp-image-2977\" src=\"https:\/\/tarnabyalpint.se\/wp-content\/uploads\/2023\/10\/Sasongspremiar-Tarnaby-Utforsakning-Slalom-Skidakning-Slalombacke-Hemavan-Tarnaby-2023-ver2.jpg\" width=\"1200\" height=\"901\" alt=\"Season premiere T\u00e4rnaby Downhill skiing Slalom Skiing Slalom slope Hemavan T\u00e4rnaby 2023 ver2\" srcset=\"https:\/\/tarnabyalpint.se\/wp-content\/uploads\/2023\/10\/Sasongspremiar-Tarnaby-Utforsakning-Slalom-Skidakning-Slalombacke-Hemavan-Tarnaby-2023-ver2.jpg 1200w, https:\/\/tarnabyalpint.se\/wp-content\/uploads\/2023\/10\/Sasongspremiar-Tarnaby-Utforsakning-Slalom-Skidakning-Slalombacke-Hemavan-Tarnaby-2023-ver2-600x451.jpg 600w, https:\/\/tarnabyalpint.se\/wp-content\/uploads\/2023\/10\/Sasongspremiar-Tarnaby-Utforsakning-Slalom-Skidakning-Slalombacke-Hemavan-Tarnaby-2023-ver2-768x577.jpg 768w, https:\/\/tarnabyalpint.se\/wp-content\/uploads\/2023\/10\/Sasongspremiar-Tarnaby-Utforsakning-Slalom-Skidakning-Slalombacke-Hemavan-Tarnaby-2023-ver2-350x263.jpg 350w\" sizes=\"(max-width: 1200px) 100vw, 1200px\" \/><\/div>\n\t\t\t\t\t<\/div>\n\t\t\t\t<\/div><\/div><\/div><\/div><\/div><\/div><\/div><\/div><\/div><\/div><\/div><\/div><\/div><div class=\"uncode_text_column\" ><\/p>\n<h3>Tips for travellers! Book accommodation!<\/h3>\n<p>Here on our website you will find various good options for your stay here in T\u00e4rnaby.<\/p>\n<p><strong><a href=\"https:\/\/tarnabyalpint.se\/en\/accommodation\/\">Click here for more information...<\/a><\/strong><\/p>\n<\/div><\/div><\/div><\/div><\/div><\/div><script id=\"script-row-unique-0\" data-row=\"script-row-unique-0\" type=\"text\/javascript\" class=\"vc_controls\">UNCODE.initRow(document.getElementById(\"row-unique-0\"));<\/script><\/div><\/div><\/div>\n<\/div>","protected":false},"excerpt":{"rendered":"<p>V\u00e4lkomna alla utf\u00f6rs\u00e5kare till T\u00e4rnaby nu p\u00e5 l\u00f6rdag den 23:e november. Det \u00e4r n\u00e4mligen dags f\u00f6r den efterl\u00e4ngtade s\u00e4songspremi\u00e4ren!<\/p>","protected":false},"author":1,"featured_media":2988,"comment_status":"closed","ping_status":"closed","sticky":false,"template":"","format":"standard","meta":{"_acf_changed":false,"footnotes":""},"categories":[31],"tags":[53,54,55,56,57,58,59,60,61,62],"class_list":["post-3511","post","type-post","status-publish","format-standard","has-post-thumbnail","hentry","category-aktuellt","tag-liftkort","tag-sasongskort","tag-skidakning","tag-hemavan","tag-tarnaby","tag-skidsystem","tag-liftsystem","tag-premiar","tag-sasongspremiar","tag-ingemarbacken"],"acf":[],"yoast_head":"<!-- This site is optimized with the Yoast SEO plugin v27.2 - https:\/\/yoast.com\/product\/yoast-seo-wordpress\/ -->\n<title>S\u00e4songspremi\u00e4r \u2013 kom &amp; \u00e5k skidor i T\u00e4rnaby l\u00f6rdag 23 november<\/title>\n<meta name=\"description\" content=\"V\u00e4lkomna alla utf\u00f6rs\u00e5kare till T\u00e4rnaby nu p\u00e5 l\u00f6rdag den 28:e oktober. Det \u00e4r n\u00e4mligen dags f\u00f6r den efterl\u00e4ngtade s\u00e4songspremi\u00e4ren!\" \/>\n<meta name=\"robots\" content=\"index, follow, max-snippet:-1, max-image-preview:large, max-video-preview:-1\" \/>\n<link rel=\"canonical\" href=\"https:\/\/tarnabyalpint.se\/en\/topical\/season-premiere-come-and-ski-in-tarnaby-on-thursday-23rd-november\/\" \/>\n<meta property=\"og:locale\" content=\"en_GB\" \/>\n<meta property=\"og:type\" content=\"article\" \/>\n<meta property=\"og:title\" content=\"S\u00e4songspremi\u00e4r \u2013 kom &amp; \u00e5k skidor i T\u00e4rnaby l\u00f6rdag 23 november\" \/>\n<meta property=\"og:description\" content=\"V\u00e4lkomna alla utf\u00f6rs\u00e5kare till T\u00e4rnaby nu p\u00e5 l\u00f6rdag den 28:e oktober. Det \u00e4r n\u00e4mligen dags f\u00f6r den efterl\u00e4ngtade s\u00e4songspremi\u00e4ren!\" \/>\n<meta property=\"og:url\" content=\"https:\/\/tarnabyalpint.se\/en\/topical\/season-premiere-come-and-ski-in-tarnaby-on-thursday-23rd-november\/\" \/>\n<meta property=\"og:site_name\" content=\"T\u00e4rnaby Alpint\" \/>\n<meta property=\"article:publisher\" content=\"https:\/\/www.facebook.com\/profile.php?id=100063492703007\" \/>\n<meta property=\"article:published_time\" content=\"2024-11-19T16:44:00+00:00\" \/>\n<meta property=\"article:modified_time\" content=\"2024-11-20T07:15:48+00:00\" \/>\n<meta property=\"og:image\" content=\"https:\/\/tarnabyalpint.se\/wp-content\/uploads\/2024\/11\/Sasongspremiar-Tarnaby-Alpint-2024-SoMe-3x2-ver1-scaled.jpg\" \/>\n\t<meta property=\"og:image:width\" content=\"2560\" \/>\n\t<meta property=\"og:image:height\" content=\"1707\" \/>\n\t<meta property=\"og:image:type\" content=\"image\/jpeg\" \/>\n<meta name=\"author\" content=\"ur-admin\" \/>\n<meta name=\"twitter:card\" content=\"summary_large_image\" \/>\n<meta name=\"twitter:label1\" content=\"Written by\" \/>\n\t<meta name=\"twitter:data1\" content=\"ur-admin\" \/>\n\t<meta name=\"twitter:label2\" content=\"Estimated reading time\" \/>\n\t<meta name=\"twitter:data2\" content=\"1 minute\" \/>\n<script type=\"application\/ld+json\" class=\"yoast-schema-graph\">{\"@context\":\"https:\/\/schema.org\",\"@graph\":[{\"@type\":\"Article\",\"@id\":\"https:\/\/tarnabyalpint.se\/aktuellt\/sasongspremiar-kom-och-ak-skidor-i-tarnaby-lordag-den-23e-november\/#article\",\"isPartOf\":{\"@id\":\"https:\/\/tarnabyalpint.se\/aktuellt\/sasongspremiar-kom-och-ak-skidor-i-tarnaby-lordag-den-23e-november\/\"},\"author\":{\"name\":\"ur-admin\",\"@id\":\"https:\/\/tarnabyalpint.se\/#\/schema\/person\/77057fdadc9298a25d2bea0dc6f26157\"},\"headline\":\"S\u00e4songspremi\u00e4r \u2013 kom och \u00e5k skidor i T\u00e4rnaby l\u00f6rdag den 23:e november\",\"datePublished\":\"2024-11-19T16:44:00+00:00\",\"dateModified\":\"2024-11-20T07:15:48+00:00\",\"mainEntityOfPage\":{\"@id\":\"https:\/\/tarnabyalpint.se\/aktuellt\/sasongspremiar-kom-och-ak-skidor-i-tarnaby-lordag-den-23e-november\/\"},\"wordCount\":296,\"publisher\":{\"@id\":\"https:\/\/tarnabyalpint.se\/#organization\"},\"image\":{\"@id\":\"https:\/\/tarnabyalpint.se\/aktuellt\/sasongspremiar-kom-och-ak-skidor-i-tarnaby-lordag-den-23e-november\/#primaryimage\"},\"thumbnailUrl\":\"https:\/\/tarnabyalpint.se\/wp-content\/uploads\/2023\/10\/Sasongspremiar-Tarnaby-Utforsakning-Slalom-Skidakning-Slalombacke-Hemavan-Tarnaby-Pistmaskin-2023-liggande-webb-ver3-scaled.jpg\",\"keywords\":[\"liftkort\",\"s\u00e4songskort\",\"skid\u00e5kning\",\"Hemavan\",\"T\u00e4rnaby\",\"skidsystem\",\"liftsystem\",\"premi\u00e4r\",\"s\u00e4songspremi\u00e4r\",\"Ingemarbacken\"],\"articleSection\":[\"Aktuellt\"],\"inLanguage\":\"en-GB\"},{\"@type\":\"WebPage\",\"@id\":\"https:\/\/tarnabyalpint.se\/aktuellt\/sasongspremiar-kom-och-ak-skidor-i-tarnaby-lordag-den-23e-november\/\",\"url\":\"https:\/\/tarnabyalpint.se\/aktuellt\/sasongspremiar-kom-och-ak-skidor-i-tarnaby-lordag-den-23e-november\/\",\"name\":\"S\u00e4songspremi\u00e4r \u2013 kom & \u00e5k skidor i T\u00e4rnaby l\u00f6rdag 23 november\",\"isPartOf\":{\"@id\":\"https:\/\/tarnabyalpint.se\/#website\"},\"primaryImageOfPage\":{\"@id\":\"https:\/\/tarnabyalpint.se\/aktuellt\/sasongspremiar-kom-och-ak-skidor-i-tarnaby-lordag-den-23e-november\/#primaryimage\"},\"image\":{\"@id\":\"https:\/\/tarnabyalpint.se\/aktuellt\/sasongspremiar-kom-och-ak-skidor-i-tarnaby-lordag-den-23e-november\/#primaryimage\"},\"thumbnailUrl\":\"https:\/\/tarnabyalpint.se\/wp-content\/uploads\/2023\/10\/Sasongspremiar-Tarnaby-Utforsakning-Slalom-Skidakning-Slalombacke-Hemavan-Tarnaby-Pistmaskin-2023-liggande-webb-ver3-scaled.jpg\",\"datePublished\":\"2024-11-19T16:44:00+00:00\",\"dateModified\":\"2024-11-20T07:15:48+00:00\",\"description\":\"V\u00e4lkomna alla utf\u00f6rs\u00e5kare till T\u00e4rnaby nu p\u00e5 l\u00f6rdag den 28:e oktober. Det \u00e4r n\u00e4mligen dags f\u00f6r den efterl\u00e4ngtade s\u00e4songspremi\u00e4ren!\",\"inLanguage\":\"en-GB\",\"potentialAction\":[{\"@type\":\"ReadAction\",\"target\":[\"https:\/\/tarnabyalpint.se\/aktuellt\/sasongspremiar-kom-och-ak-skidor-i-tarnaby-lordag-den-23e-november\/\"]}]},{\"@type\":\"ImageObject\",\"inLanguage\":\"en-GB\",\"@id\":\"https:\/\/tarnabyalpint.se\/aktuellt\/sasongspremiar-kom-och-ak-skidor-i-tarnaby-lordag-den-23e-november\/#primaryimage\",\"url\":\"https:\/\/tarnabyalpint.se\/wp-content\/uploads\/2023\/10\/Sasongspremiar-Tarnaby-Utforsakning-Slalom-Skidakning-Slalombacke-Hemavan-Tarnaby-Pistmaskin-2023-liggande-webb-ver3-scaled.jpg\",\"contentUrl\":\"https:\/\/tarnabyalpint.se\/wp-content\/uploads\/2023\/10\/Sasongspremiar-Tarnaby-Utforsakning-Slalom-Skidakning-Slalombacke-Hemavan-Tarnaby-Pistmaskin-2023-liggande-webb-ver3-scaled.jpg\",\"width\":2560,\"height\":1920,\"caption\":\"S\u00e4songspremi\u00e4r T\u00e4rnaby Utf\u00f6rs\u00e5kning Slalom Skid\u00e5kning Slalombacke Hemavan T\u00e4rnaby Pistmaskin 2023 liggande webb ver3\"},{\"@type\":\"WebSite\",\"@id\":\"https:\/\/tarnabyalpint.se\/#website\",\"url\":\"https:\/\/tarnabyalpint.se\/\",\"name\":\"T\u00e4rnaby Alpint\",\"description\":\"En till WordPress-webbplats\",\"publisher\":{\"@id\":\"https:\/\/tarnabyalpint.se\/#organization\"},\"potentialAction\":[{\"@type\":\"SearchAction\",\"target\":{\"@type\":\"EntryPoint\",\"urlTemplate\":\"https:\/\/tarnabyalpint.se\/?s={search_term_string}\"},\"query-input\":{\"@type\":\"PropertyValueSpecification\",\"valueRequired\":true,\"valueName\":\"search_term_string\"}}],\"inLanguage\":\"en-GB\"},{\"@type\":\"Organization\",\"@id\":\"https:\/\/tarnabyalpint.se\/#organization\",\"name\":\"T\u00e4rnaby Alpint\",\"url\":\"https:\/\/tarnabyalpint.se\/\",\"logo\":{\"@type\":\"ImageObject\",\"inLanguage\":\"en-GB\",\"@id\":\"https:\/\/tarnabyalpint.se\/#\/schema\/logo\/image\/\",\"url\":\"https:\/\/tarnabyalpint.se\/wp-content\/uploads\/2022\/08\/tarnaby-alpint-white-blue-logo.jpg\",\"contentUrl\":\"https:\/\/tarnabyalpint.se\/wp-content\/uploads\/2022\/08\/tarnaby-alpint-white-blue-logo.jpg\",\"width\":900,\"height\":610,\"caption\":\"T\u00e4rnaby Alpint\"},\"image\":{\"@id\":\"https:\/\/tarnabyalpint.se\/#\/schema\/logo\/image\/\"},\"sameAs\":[\"https:\/\/www.facebook.com\/profile.php?id=100063492703007\"]},{\"@type\":\"Person\",\"@id\":\"https:\/\/tarnabyalpint.se\/#\/schema\/person\/77057fdadc9298a25d2bea0dc6f26157\",\"name\":\"ur-admin\",\"image\":{\"@type\":\"ImageObject\",\"inLanguage\":\"en-GB\",\"@id\":\"https:\/\/tarnabyalpint.se\/wp-content\/litespeed\/avatar\/f38d2bf85aaec3f9d5388536292cf810.jpg?ver=1776873972\",\"url\":\"https:\/\/tarnabyalpint.se\/wp-content\/litespeed\/avatar\/f38d2bf85aaec3f9d5388536292cf810.jpg?ver=1776873972\",\"contentUrl\":\"https:\/\/tarnabyalpint.se\/wp-content\/litespeed\/avatar\/f38d2bf85aaec3f9d5388536292cf810.jpg?ver=1776873972\",\"caption\":\"ur-admin\"},\"sameAs\":[\"https:\/\/tarnabyalpint.se\"]}]}<\/script>\n<!-- \/ Yoast SEO plugin. -->","yoast_head_json":{"title":"Season premiere - come &amp; ski in T\u00e4rnaby Saturday 23 November","description":"Welcome all downhill skiers to T\u00e4rnaby this Saturday, 28 October. It's time for the long-awaited season premiere!","robots":{"index":"index","follow":"follow","max-snippet":"max-snippet:-1","max-image-preview":"max-image-preview:large","max-video-preview":"max-video-preview:-1"},"canonical":"https:\/\/tarnabyalpint.se\/en\/topical\/season-premiere-come-and-ski-in-tarnaby-on-thursday-23rd-november\/","og_locale":"en_GB","og_type":"article","og_title":"S\u00e4songspremi\u00e4r \u2013 kom & \u00e5k skidor i T\u00e4rnaby l\u00f6rdag 23 november","og_description":"V\u00e4lkomna alla utf\u00f6rs\u00e5kare till T\u00e4rnaby nu p\u00e5 l\u00f6rdag den 28:e oktober. Det \u00e4r n\u00e4mligen dags f\u00f6r den efterl\u00e4ngtade s\u00e4songspremi\u00e4ren!","og_url":"https:\/\/tarnabyalpint.se\/en\/topical\/season-premiere-come-and-ski-in-tarnaby-on-thursday-23rd-november\/","og_site_name":"T\u00e4rnaby Alpint","article_publisher":"https:\/\/www.facebook.com\/profile.php?id=100063492703007","article_published_time":"2024-11-19T16:44:00+00:00","article_modified_time":"2024-11-20T07:15:48+00:00","og_image":[{"width":2560,"height":1707,"url":"https:\/\/tarnabyalpint.se\/wp-content\/uploads\/2024\/11\/Sasongspremiar-Tarnaby-Alpint-2024-SoMe-3x2-ver1-scaled.jpg","type":"image\/jpeg"}],"author":"ur-admin","twitter_card":"summary_large_image","twitter_misc":{"Written by":"ur-admin","Estimated reading time":"1 minute"},"schema":{"@context":"https:\/\/schema.org","@graph":[{"@type":"Article","@id":"https:\/\/tarnabyalpint.se\/aktuellt\/sasongspremiar-kom-och-ak-skidor-i-tarnaby-lordag-den-23e-november\/#article","isPartOf":{"@id":"https:\/\/tarnabyalpint.se\/aktuellt\/sasongspremiar-kom-och-ak-skidor-i-tarnaby-lordag-den-23e-november\/"},"author":{"name":"ur-admin","@id":"https:\/\/tarnabyalpint.se\/#\/schema\/person\/77057fdadc9298a25d2bea0dc6f26157"},"headline":"S\u00e4songspremi\u00e4r \u2013 kom och \u00e5k skidor i T\u00e4rnaby l\u00f6rdag den 23:e november","datePublished":"2024-11-19T16:44:00+00:00","dateModified":"2024-11-20T07:15:48+00:00","mainEntityOfPage":{"@id":"https:\/\/tarnabyalpint.se\/aktuellt\/sasongspremiar-kom-och-ak-skidor-i-tarnaby-lordag-den-23e-november\/"},"wordCount":296,"publisher":{"@id":"https:\/\/tarnabyalpint.se\/#organization"},"image":{"@id":"https:\/\/tarnabyalpint.se\/aktuellt\/sasongspremiar-kom-och-ak-skidor-i-tarnaby-lordag-den-23e-november\/#primaryimage"},"thumbnailUrl":"https:\/\/tarnabyalpint.se\/wp-content\/uploads\/2023\/10\/Sasongspremiar-Tarnaby-Utforsakning-Slalom-Skidakning-Slalombacke-Hemavan-Tarnaby-Pistmaskin-2023-liggande-webb-ver3-scaled.jpg","keywords":["liftkort","s\u00e4songskort","skid\u00e5kning","Hemavan","T\u00e4rnaby","skidsystem","liftsystem","premi\u00e4r","s\u00e4songspremi\u00e4r","Ingemarbacken"],"articleSection":["Aktuellt"],"inLanguage":"en-GB"},{"@type":"WebPage","@id":"https:\/\/tarnabyalpint.se\/aktuellt\/sasongspremiar-kom-och-ak-skidor-i-tarnaby-lordag-den-23e-november\/","url":"https:\/\/tarnabyalpint.se\/aktuellt\/sasongspremiar-kom-och-ak-skidor-i-tarnaby-lordag-den-23e-november\/","name":"Season premiere - come &amp; ski in T\u00e4rnaby Saturday 23 November","isPartOf":{"@id":"https:\/\/tarnabyalpint.se\/#website"},"primaryImageOfPage":{"@id":"https:\/\/tarnabyalpint.se\/aktuellt\/sasongspremiar-kom-och-ak-skidor-i-tarnaby-lordag-den-23e-november\/#primaryimage"},"image":{"@id":"https:\/\/tarnabyalpint.se\/aktuellt\/sasongspremiar-kom-och-ak-skidor-i-tarnaby-lordag-den-23e-november\/#primaryimage"},"thumbnailUrl":"https:\/\/tarnabyalpint.se\/wp-content\/uploads\/2023\/10\/Sasongspremiar-Tarnaby-Utforsakning-Slalom-Skidakning-Slalombacke-Hemavan-Tarnaby-Pistmaskin-2023-liggande-webb-ver3-scaled.jpg","datePublished":"2024-11-19T16:44:00+00:00","dateModified":"2024-11-20T07:15:48+00:00","description":"Welcome all downhill skiers to T\u00e4rnaby this Saturday, 28 October. It's time for the long-awaited season premiere!","inLanguage":"en-GB","potentialAction":[{"@type":"ReadAction","target":["https:\/\/tarnabyalpint.se\/aktuellt\/sasongspremiar-kom-och-ak-skidor-i-tarnaby-lordag-den-23e-november\/"]}]},{"@type":"ImageObject","inLanguage":"en-GB","@id":"https:\/\/tarnabyalpint.se\/aktuellt\/sasongspremiar-kom-och-ak-skidor-i-tarnaby-lordag-den-23e-november\/#primaryimage","url":"https:\/\/tarnabyalpint.se\/wp-content\/uploads\/2023\/10\/Sasongspremiar-Tarnaby-Utforsakning-Slalom-Skidakning-Slalombacke-Hemavan-Tarnaby-Pistmaskin-2023-liggande-webb-ver3-scaled.jpg","contentUrl":"https:\/\/tarnabyalpint.se\/wp-content\/uploads\/2023\/10\/Sasongspremiar-Tarnaby-Utforsakning-Slalom-Skidakning-Slalombacke-Hemavan-Tarnaby-Pistmaskin-2023-liggande-webb-ver3-scaled.jpg","width":2560,"height":1920,"caption":"S\u00e4songspremi\u00e4r T\u00e4rnaby Utf\u00f6rs\u00e5kning Slalom Skid\u00e5kning Slalombacke Hemavan T\u00e4rnaby Pistmaskin 2023 liggande webb ver3"},{"@type":"WebSite","@id":"https:\/\/tarnabyalpint.se\/#website","url":"https:\/\/tarnabyalpint.se\/","name":"T\u00e4rnaby Alpine Skiing","description":"Another WordPress website","publisher":{"@id":"https:\/\/tarnabyalpint.se\/#organization"},"potentialAction":[{"@type":"SearchAction","target":{"@type":"EntryPoint","urlTemplate":"https:\/\/tarnabyalpint.se\/?s={search_term_string}"},"query-input":{"@type":"PropertyValueSpecification","valueRequired":true,"valueName":"search_term_string"}}],"inLanguage":"en-GB"},{"@type":"Organization","@id":"https:\/\/tarnabyalpint.se\/#organization","name":"T\u00e4rnaby Alpine Skiing","url":"https:\/\/tarnabyalpint.se\/","logo":{"@type":"ImageObject","inLanguage":"en-GB","@id":"https:\/\/tarnabyalpint.se\/#\/schema\/logo\/image\/","url":"https:\/\/tarnabyalpint.se\/wp-content\/uploads\/2022\/08\/tarnaby-alpint-white-blue-logo.jpg","contentUrl":"https:\/\/tarnabyalpint.se\/wp-content\/uploads\/2022\/08\/tarnaby-alpint-white-blue-logo.jpg","width":900,"height":610,"caption":"T\u00e4rnaby Alpint"},"image":{"@id":"https:\/\/tarnabyalpint.se\/#\/schema\/logo\/image\/"},"sameAs":["https:\/\/www.facebook.com\/profile.php?id=100063492703007"]},{"@type":"Person","@id":"https:\/\/tarnabyalpint.se\/#\/schema\/person\/77057fdadc9298a25d2bea0dc6f26157","name":"ur-admin","image":{"@type":"ImageObject","inLanguage":"en-GB","@id":"https:\/\/tarnabyalpint.se\/wp-content\/litespeed\/avatar\/f38d2bf85aaec3f9d5388536292cf810.jpg?ver=1776873972","url":"https:\/\/tarnabyalpint.se\/wp-content\/litespeed\/avatar\/f38d2bf85aaec3f9d5388536292cf810.jpg?ver=1776873972","contentUrl":"https:\/\/tarnabyalpint.se\/wp-content\/litespeed\/avatar\/f38d2bf85aaec3f9d5388536292cf810.jpg?ver=1776873972","caption":"ur-admin"},"sameAs":["https:\/\/tarnabyalpint.se"]}]}},"_links":{"self":[{"href":"https:\/\/tarnabyalpint.se\/en\/wp-json\/wp\/v2\/posts\/3511","targetHints":{"allow":["GET"]}}],"collection":[{"href":"https:\/\/tarnabyalpint.se\/en\/wp-json\/wp\/v2\/posts"}],"about":[{"href":"https:\/\/tarnabyalpint.se\/en\/wp-json\/wp\/v2\/types\/post"}],"author":[{"embeddable":true,"href":"https:\/\/tarnabyalpint.se\/en\/wp-json\/wp\/v2\/users\/1"}],"replies":[{"embeddable":true,"href":"https:\/\/tarnabyalpint.se\/en\/wp-json\/wp\/v2\/comments?post=3511"}],"version-history":[{"count":2,"href":"https:\/\/tarnabyalpint.se\/en\/wp-json\/wp\/v2\/posts\/3511\/revisions"}],"predecessor-version":[{"id":3515,"href":"https:\/\/tarnabyalpint.se\/en\/wp-json\/wp\/v2\/posts\/3511\/revisions\/3515"}],"wp:featuredmedia":[{"embeddable":true,"href":"https:\/\/tarnabyalpint.se\/en\/wp-json\/wp\/v2\/media\/2988"}],"wp:attachment":[{"href":"https:\/\/tarnabyalpint.se\/en\/wp-json\/wp\/v2\/media?parent=3511"}],"wp:term":[{"taxonomy":"category","embeddable":true,"href":"https:\/\/tarnabyalpint.se\/en\/wp-json\/wp\/v2\/categories?post=3511"},{"taxonomy":"post_tag","embeddable":true,"href":"https:\/\/tarnabyalpint.se\/en\/wp-json\/wp\/v2\/tags?post=3511"}],"curies":[{"name":"wp","href":"https:\/\/api.w.org\/{rel}","templated":true}]}}