{"id":3322,"date":"2024-03-20T09:35:36","date_gmt":"2024-03-20T08:35:36","guid":{"rendered":"https:\/\/tarnabyalpint.se\/?p=3322"},"modified":"2024-03-25T12:54:29","modified_gmt":"2024-03-25T11:54:29","slug":"family-day-at-the-minimon-on-good-friday","status":"publish","type":"post","link":"https:\/\/tarnabyalpint.se\/en\/aktuellt\/familjedag-i-minimonne-pa-langfredagen\/","title":{"rendered":"Family day in Minimonne on Good Friday"},"content":{"rendered":"<p><strong>Welcome to a fun day for the whole family on Friday 29 March!<\/strong><\/p>\n<p>Challenge your family members and friends in differential slalom. A competition suitable for all ages and levels, where two runs as close as possible win.<\/p>\n<p>After the competition, there will be a party in the apr\u00e8s-ski tent.<\/p>\n<p>Face painting and candy rain for the little ones, DJ and live band.<\/p>\n<p><strong>Location:<\/strong> Minimonne, Sporthotellet<br \/>\n<strong>Notification:<\/strong> Mini-moon<br \/>\n<strong>Time:<\/strong> 11:00<\/p>\n<p><strong>Family Day programme<br \/>\n<\/strong>11:00 Registration and number tag distribution<br \/>\n11:30 Start<br \/>\n12:30 Award ceremony<br \/>\n15:00 Children's apr\u00e8s-ski<br \/>\n16:00 Live music with the Zimmerman Bicycle Orchestra<\/p>\n<h3>Welcome to the programme!<\/h3>\n<p><strong><a href=\"https:\/\/tarnabyalpint.se\/en\/tarnaby-calendar\/passport-holiday-in-tarnaby-lots-of-skiing-and-activities\/\">The full Easter programme of activities and fun can be found here<\/a><\/strong> \u00bb<\/p>","protected":false},"excerpt":{"rendered":"<p>V\u00e4lkommen till en trevlig dag f\u00f6r hela familjen fredag den 29 mars! Utmana dina familjemedlemmar och v\u00e4nner i differensslalom. En [&hellip;]<\/p>\n","protected":false},"author":1,"featured_media":3326,"comment_status":"closed","ping_status":"closed","sticky":false,"template":"","format":"standard","meta":{"_acf_changed":false,"footnotes":""},"categories":[31],"tags":[70,103,104,105,111,172],"class_list":["post-3322","post","type-post","status-publish","format-standard","has-post-thumbnail","hentry","category-aktuellt","tag-minimonne","tag-pasklov","tag-pask","tag-familjedag","tag-sporthotellet","tag-pasken-2024"],"acf":[],"yoast_head":"<!-- This site is optimized with the Yoast SEO plugin v27.2 - https:\/\/yoast.com\/product\/yoast-seo-wordpress\/ -->\n<title>Familjedag i Minimonne p\u00e5 L\u00e5ngfredagen - T\u00e4rnaby Alpint<\/title>\n<meta name=\"robots\" content=\"index, follow, max-snippet:-1, max-image-preview:large, max-video-preview:-1\" \/>\n<link rel=\"canonical\" href=\"https:\/\/tarnabyalpint.se\/en\/topical\/family-day-at-the-minimon-on-good-friday\/\" \/>\n<meta property=\"og:locale\" content=\"en_GB\" \/>\n<meta property=\"og:type\" content=\"article\" \/>\n<meta property=\"og:title\" content=\"Familjedag i Minimonne p\u00e5 L\u00e5ngfredagen - T\u00e4rnaby Alpint\" \/>\n<meta property=\"og:description\" content=\"V\u00e4lkommen till en trevlig dag f\u00f6r hela familjen fredag den 29 mars! Utmana dina familjemedlemmar och v\u00e4nner i differensslalom. En [&hellip;]\" \/>\n<meta property=\"og:url\" content=\"https:\/\/tarnabyalpint.se\/en\/topical\/family-day-at-the-minimon-on-good-friday\/\" \/>\n<meta property=\"og:site_name\" content=\"T\u00e4rnaby Alpint\" \/>\n<meta property=\"article:publisher\" content=\"https:\/\/www.facebook.com\/profile.php?id=100063492703007\" \/>\n<meta property=\"article:published_time\" content=\"2024-03-20T08:35:36+00:00\" \/>\n<meta property=\"article:modified_time\" content=\"2024-03-25T11:54:29+00:00\" \/>\n<meta property=\"og:image\" content=\"https:\/\/tarnabyalpint.se\/wp-content\/uploads\/2024\/03\/Pask-Familjedag-Tarnaby-Alpint-Utforsakning-Slalom-Aktiviteter-Barn-Paskfirande-Pasklov-5-webb.jpg\" \/>\n\t<meta property=\"og:image:width\" content=\"2400\" \/>\n\t<meta property=\"og:image:height\" content=\"1600\" \/>\n\t<meta property=\"og:image:type\" content=\"image\/jpeg\" \/>\n<meta name=\"author\" content=\"ur-admin\" \/>\n<meta name=\"twitter:card\" content=\"summary_large_image\" \/>\n<meta name=\"twitter:label1\" content=\"Written by\" \/>\n\t<meta name=\"twitter:data1\" content=\"ur-admin\" \/>\n\t<meta name=\"twitter:label2\" content=\"Estimated reading time\" \/>\n\t<meta name=\"twitter:data2\" content=\"1 minute\" \/>\n<script type=\"application\/ld+json\" class=\"yoast-schema-graph\">{\"@context\":\"https:\/\/schema.org\",\"@graph\":[{\"@type\":\"Article\",\"@id\":\"https:\/\/tarnabyalpint.se\/aktuellt\/familjedag-i-minimonne-pa-langfredagen\/#article\",\"isPartOf\":{\"@id\":\"https:\/\/tarnabyalpint.se\/aktuellt\/familjedag-i-minimonne-pa-langfredagen\/\"},\"author\":{\"name\":\"ur-admin\",\"@id\":\"https:\/\/tarnabyalpint.se\/#\/schema\/person\/77057fdadc9298a25d2bea0dc6f26157\"},\"headline\":\"Familjedag i Minimonne p\u00e5 L\u00e5ngfredagen\",\"datePublished\":\"2024-03-20T08:35:36+00:00\",\"dateModified\":\"2024-03-25T11:54:29+00:00\",\"mainEntityOfPage\":{\"@id\":\"https:\/\/tarnabyalpint.se\/aktuellt\/familjedag-i-minimonne-pa-langfredagen\/\"},\"wordCount\":100,\"publisher\":{\"@id\":\"https:\/\/tarnabyalpint.se\/#organization\"},\"image\":{\"@id\":\"https:\/\/tarnabyalpint.se\/aktuellt\/familjedag-i-minimonne-pa-langfredagen\/#primaryimage\"},\"thumbnailUrl\":\"https:\/\/tarnabyalpint.se\/wp-content\/uploads\/2024\/03\/Pask-Familjedag-Tarnaby-Alpint-Utforsakning-Slalom-Aktiviteter-Barn-Paskfirande-Pasklov-5-webb.jpg\",\"keywords\":[\"Minimonne\",\"P\u00e5sklov\",\"P\u00e5sk\",\"Familjedag\",\"Sporthotellet\",\"P\u00e5sken 2024\"],\"articleSection\":[\"Aktuellt\"],\"inLanguage\":\"en-GB\"},{\"@type\":\"WebPage\",\"@id\":\"https:\/\/tarnabyalpint.se\/aktuellt\/familjedag-i-minimonne-pa-langfredagen\/\",\"url\":\"https:\/\/tarnabyalpint.se\/aktuellt\/familjedag-i-minimonne-pa-langfredagen\/\",\"name\":\"Familjedag i Minimonne p\u00e5 L\u00e5ngfredagen - T\u00e4rnaby Alpint\",\"isPartOf\":{\"@id\":\"https:\/\/tarnabyalpint.se\/#website\"},\"primaryImageOfPage\":{\"@id\":\"https:\/\/tarnabyalpint.se\/aktuellt\/familjedag-i-minimonne-pa-langfredagen\/#primaryimage\"},\"image\":{\"@id\":\"https:\/\/tarnabyalpint.se\/aktuellt\/familjedag-i-minimonne-pa-langfredagen\/#primaryimage\"},\"thumbnailUrl\":\"https:\/\/tarnabyalpint.se\/wp-content\/uploads\/2024\/03\/Pask-Familjedag-Tarnaby-Alpint-Utforsakning-Slalom-Aktiviteter-Barn-Paskfirande-Pasklov-5-webb.jpg\",\"datePublished\":\"2024-03-20T08:35:36+00:00\",\"dateModified\":\"2024-03-25T11:54:29+00:00\",\"inLanguage\":\"en-GB\",\"potentialAction\":[{\"@type\":\"ReadAction\",\"target\":[\"https:\/\/tarnabyalpint.se\/aktuellt\/familjedag-i-minimonne-pa-langfredagen\/\"]}]},{\"@type\":\"ImageObject\",\"inLanguage\":\"en-GB\",\"@id\":\"https:\/\/tarnabyalpint.se\/aktuellt\/familjedag-i-minimonne-pa-langfredagen\/#primaryimage\",\"url\":\"https:\/\/tarnabyalpint.se\/wp-content\/uploads\/2024\/03\/Pask-Familjedag-Tarnaby-Alpint-Utforsakning-Slalom-Aktiviteter-Barn-Paskfirande-Pasklov-5-webb.jpg\",\"contentUrl\":\"https:\/\/tarnabyalpint.se\/wp-content\/uploads\/2024\/03\/Pask-Familjedag-Tarnaby-Alpint-Utforsakning-Slalom-Aktiviteter-Barn-Paskfirande-Pasklov-5-webb.jpg\",\"width\":2400,\"height\":1600,\"caption\":\"Pa\u030ask Familjedag Ta\u0308rnaby Alpint Utfo\u0308rsa\u030akning Slalom Aktiviteter Barn Pa\u030askfirande Pa\u030asklov 5 webb\"},{\"@type\":\"WebSite\",\"@id\":\"https:\/\/tarnabyalpint.se\/#website\",\"url\":\"https:\/\/tarnabyalpint.se\/\",\"name\":\"T\u00e4rnaby Alpint\",\"description\":\"En till WordPress-webbplats\",\"publisher\":{\"@id\":\"https:\/\/tarnabyalpint.se\/#organization\"},\"potentialAction\":[{\"@type\":\"SearchAction\",\"target\":{\"@type\":\"EntryPoint\",\"urlTemplate\":\"https:\/\/tarnabyalpint.se\/?s={search_term_string}\"},\"query-input\":{\"@type\":\"PropertyValueSpecification\",\"valueRequired\":true,\"valueName\":\"search_term_string\"}}],\"inLanguage\":\"en-GB\"},{\"@type\":\"Organization\",\"@id\":\"https:\/\/tarnabyalpint.se\/#organization\",\"name\":\"T\u00e4rnaby Alpint\",\"url\":\"https:\/\/tarnabyalpint.se\/\",\"logo\":{\"@type\":\"ImageObject\",\"inLanguage\":\"en-GB\",\"@id\":\"https:\/\/tarnabyalpint.se\/#\/schema\/logo\/image\/\",\"url\":\"https:\/\/tarnabyalpint.se\/wp-content\/uploads\/2022\/08\/tarnaby-alpint-white-blue-logo.jpg\",\"contentUrl\":\"https:\/\/tarnabyalpint.se\/wp-content\/uploads\/2022\/08\/tarnaby-alpint-white-blue-logo.jpg\",\"width\":900,\"height\":610,\"caption\":\"T\u00e4rnaby Alpint\"},\"image\":{\"@id\":\"https:\/\/tarnabyalpint.se\/#\/schema\/logo\/image\/\"},\"sameAs\":[\"https:\/\/www.facebook.com\/profile.php?id=100063492703007\"]},{\"@type\":\"Person\",\"@id\":\"https:\/\/tarnabyalpint.se\/#\/schema\/person\/77057fdadc9298a25d2bea0dc6f26157\",\"name\":\"ur-admin\",\"image\":{\"@type\":\"ImageObject\",\"inLanguage\":\"en-GB\",\"@id\":\"https:\/\/tarnabyalpint.se\/wp-content\/litespeed\/avatar\/f38d2bf85aaec3f9d5388536292cf810.jpg?ver=1777478888\",\"url\":\"https:\/\/tarnabyalpint.se\/wp-content\/litespeed\/avatar\/f38d2bf85aaec3f9d5388536292cf810.jpg?ver=1777478888\",\"contentUrl\":\"https:\/\/tarnabyalpint.se\/wp-content\/litespeed\/avatar\/f38d2bf85aaec3f9d5388536292cf810.jpg?ver=1777478888\",\"caption\":\"ur-admin\"},\"sameAs\":[\"https:\/\/tarnabyalpint.se\"]}]}<\/script>\n<!-- \/ Yoast SEO plugin. -->","yoast_head_json":{"title":"Family day in Minimonne on Good Friday - T\u00e4rnaby Alpint","robots":{"index":"index","follow":"follow","max-snippet":"max-snippet:-1","max-image-preview":"max-image-preview:large","max-video-preview":"max-video-preview:-1"},"canonical":"https:\/\/tarnabyalpint.se\/en\/topical\/family-day-at-the-minimon-on-good-friday\/","og_locale":"en_GB","og_type":"article","og_title":"Familjedag i Minimonne p\u00e5 L\u00e5ngfredagen - T\u00e4rnaby Alpint","og_description":"V\u00e4lkommen till en trevlig dag f\u00f6r hela familjen fredag den 29 mars! Utmana dina familjemedlemmar och v\u00e4nner i differensslalom. En [&hellip;]","og_url":"https:\/\/tarnabyalpint.se\/en\/topical\/family-day-at-the-minimon-on-good-friday\/","og_site_name":"T\u00e4rnaby Alpint","article_publisher":"https:\/\/www.facebook.com\/profile.php?id=100063492703007","article_published_time":"2024-03-20T08:35:36+00:00","article_modified_time":"2024-03-25T11:54:29+00:00","og_image":[{"width":2400,"height":1600,"url":"https:\/\/tarnabyalpint.se\/wp-content\/uploads\/2024\/03\/Pask-Familjedag-Tarnaby-Alpint-Utforsakning-Slalom-Aktiviteter-Barn-Paskfirande-Pasklov-5-webb.jpg","type":"image\/jpeg"}],"author":"ur-admin","twitter_card":"summary_large_image","twitter_misc":{"Written by":"ur-admin","Estimated reading time":"1 minute"},"schema":{"@context":"https:\/\/schema.org","@graph":[{"@type":"Article","@id":"https:\/\/tarnabyalpint.se\/aktuellt\/familjedag-i-minimonne-pa-langfredagen\/#article","isPartOf":{"@id":"https:\/\/tarnabyalpint.se\/aktuellt\/familjedag-i-minimonne-pa-langfredagen\/"},"author":{"name":"ur-admin","@id":"https:\/\/tarnabyalpint.se\/#\/schema\/person\/77057fdadc9298a25d2bea0dc6f26157"},"headline":"Familjedag i Minimonne p\u00e5 L\u00e5ngfredagen","datePublished":"2024-03-20T08:35:36+00:00","dateModified":"2024-03-25T11:54:29+00:00","mainEntityOfPage":{"@id":"https:\/\/tarnabyalpint.se\/aktuellt\/familjedag-i-minimonne-pa-langfredagen\/"},"wordCount":100,"publisher":{"@id":"https:\/\/tarnabyalpint.se\/#organization"},"image":{"@id":"https:\/\/tarnabyalpint.se\/aktuellt\/familjedag-i-minimonne-pa-langfredagen\/#primaryimage"},"thumbnailUrl":"https:\/\/tarnabyalpint.se\/wp-content\/uploads\/2024\/03\/Pask-Familjedag-Tarnaby-Alpint-Utforsakning-Slalom-Aktiviteter-Barn-Paskfirande-Pasklov-5-webb.jpg","keywords":["Minimonne","P\u00e5sklov","P\u00e5sk","Familjedag","Sporthotellet","P\u00e5sken 2024"],"articleSection":["Aktuellt"],"inLanguage":"en-GB"},{"@type":"WebPage","@id":"https:\/\/tarnabyalpint.se\/aktuellt\/familjedag-i-minimonne-pa-langfredagen\/","url":"https:\/\/tarnabyalpint.se\/aktuellt\/familjedag-i-minimonne-pa-langfredagen\/","name":"Family day in Minimonne on Good Friday - T\u00e4rnaby Alpint","isPartOf":{"@id":"https:\/\/tarnabyalpint.se\/#website"},"primaryImageOfPage":{"@id":"https:\/\/tarnabyalpint.se\/aktuellt\/familjedag-i-minimonne-pa-langfredagen\/#primaryimage"},"image":{"@id":"https:\/\/tarnabyalpint.se\/aktuellt\/familjedag-i-minimonne-pa-langfredagen\/#primaryimage"},"thumbnailUrl":"https:\/\/tarnabyalpint.se\/wp-content\/uploads\/2024\/03\/Pask-Familjedag-Tarnaby-Alpint-Utforsakning-Slalom-Aktiviteter-Barn-Paskfirande-Pasklov-5-webb.jpg","datePublished":"2024-03-20T08:35:36+00:00","dateModified":"2024-03-25T11:54:29+00:00","inLanguage":"en-GB","potentialAction":[{"@type":"ReadAction","target":["https:\/\/tarnabyalpint.se\/aktuellt\/familjedag-i-minimonne-pa-langfredagen\/"]}]},{"@type":"ImageObject","inLanguage":"en-GB","@id":"https:\/\/tarnabyalpint.se\/aktuellt\/familjedag-i-minimonne-pa-langfredagen\/#primaryimage","url":"https:\/\/tarnabyalpint.se\/wp-content\/uploads\/2024\/03\/Pask-Familjedag-Tarnaby-Alpint-Utforsakning-Slalom-Aktiviteter-Barn-Paskfirande-Pasklov-5-webb.jpg","contentUrl":"https:\/\/tarnabyalpint.se\/wp-content\/uploads\/2024\/03\/Pask-Familjedag-Tarnaby-Alpint-Utforsakning-Slalom-Aktiviteter-Barn-Paskfirande-Pasklov-5-webb.jpg","width":2400,"height":1600,"caption":"Pa\u030ask Familjedag Ta\u0308rnaby Alpint Utfo\u0308rsa\u030akning Slalom Aktiviteter Barn Pa\u030askfirande Pa\u030asklov 5 webb"},{"@type":"WebSite","@id":"https:\/\/tarnabyalpint.se\/#website","url":"https:\/\/tarnabyalpint.se\/","name":"T\u00e4rnaby Alpine Skiing","description":"Another WordPress website","publisher":{"@id":"https:\/\/tarnabyalpint.se\/#organization"},"potentialAction":[{"@type":"SearchAction","target":{"@type":"EntryPoint","urlTemplate":"https:\/\/tarnabyalpint.se\/?s={search_term_string}"},"query-input":{"@type":"PropertyValueSpecification","valueRequired":true,"valueName":"search_term_string"}}],"inLanguage":"en-GB"},{"@type":"Organization","@id":"https:\/\/tarnabyalpint.se\/#organization","name":"T\u00e4rnaby Alpine Skiing","url":"https:\/\/tarnabyalpint.se\/","logo":{"@type":"ImageObject","inLanguage":"en-GB","@id":"https:\/\/tarnabyalpint.se\/#\/schema\/logo\/image\/","url":"https:\/\/tarnabyalpint.se\/wp-content\/uploads\/2022\/08\/tarnaby-alpint-white-blue-logo.jpg","contentUrl":"https:\/\/tarnabyalpint.se\/wp-content\/uploads\/2022\/08\/tarnaby-alpint-white-blue-logo.jpg","width":900,"height":610,"caption":"T\u00e4rnaby Alpint"},"image":{"@id":"https:\/\/tarnabyalpint.se\/#\/schema\/logo\/image\/"},"sameAs":["https:\/\/www.facebook.com\/profile.php?id=100063492703007"]},{"@type":"Person","@id":"https:\/\/tarnabyalpint.se\/#\/schema\/person\/77057fdadc9298a25d2bea0dc6f26157","name":"ur-admin","image":{"@type":"ImageObject","inLanguage":"en-GB","@id":"https:\/\/tarnabyalpint.se\/wp-content\/litespeed\/avatar\/f38d2bf85aaec3f9d5388536292cf810.jpg?ver=1777478888","url":"https:\/\/tarnabyalpint.se\/wp-content\/litespeed\/avatar\/f38d2bf85aaec3f9d5388536292cf810.jpg?ver=1777478888","contentUrl":"https:\/\/tarnabyalpint.se\/wp-content\/litespeed\/avatar\/f38d2bf85aaec3f9d5388536292cf810.jpg?ver=1777478888","caption":"ur-admin"},"sameAs":["https:\/\/tarnabyalpint.se"]}]}},"_links":{"self":[{"href":"https:\/\/tarnabyalpint.se\/en\/wp-json\/wp\/v2\/posts\/3322","targetHints":{"allow":["GET"]}}],"collection":[{"href":"https:\/\/tarnabyalpint.se\/en\/wp-json\/wp\/v2\/posts"}],"about":[{"href":"https:\/\/tarnabyalpint.se\/en\/wp-json\/wp\/v2\/types\/post"}],"author":[{"embeddable":true,"href":"https:\/\/tarnabyalpint.se\/en\/wp-json\/wp\/v2\/users\/1"}],"replies":[{"embeddable":true,"href":"https:\/\/tarnabyalpint.se\/en\/wp-json\/wp\/v2\/comments?post=3322"}],"version-history":[{"count":2,"href":"https:\/\/tarnabyalpint.se\/en\/wp-json\/wp\/v2\/posts\/3322\/revisions"}],"predecessor-version":[{"id":3364,"href":"https:\/\/tarnabyalpint.se\/en\/wp-json\/wp\/v2\/posts\/3322\/revisions\/3364"}],"wp:featuredmedia":[{"embeddable":true,"href":"https:\/\/tarnabyalpint.se\/en\/wp-json\/wp\/v2\/media\/3326"}],"wp:attachment":[{"href":"https:\/\/tarnabyalpint.se\/en\/wp-json\/wp\/v2\/media?parent=3322"}],"wp:term":[{"taxonomy":"category","embeddable":true,"href":"https:\/\/tarnabyalpint.se\/en\/wp-json\/wp\/v2\/categories?post=3322"},{"taxonomy":"post_tag","embeddable":true,"href":"https:\/\/tarnabyalpint.se\/en\/wp-json\/wp\/v2\/tags?post=3322"}],"curies":[{"name":"wp","href":"https:\/\/api.w.org\/{rel}","templated":true}]}}