{"id":3210,"date":"2024-01-19T10:46:59","date_gmt":"2024-01-19T09:46:59","guid":{"rendered":"https:\/\/tarnabyalpint.se\/?p=3210"},"modified":"2024-02-23T14:10:36","modified_gmt":"2024-02-23T13:10:36","slug":"news-morkerakning-in-tarnaby","status":"publish","type":"post","link":"https:\/\/tarnabyalpint.se\/en\/aktuellt\/nyhet-morkerakning-i-tarnaby\/","title":{"rendered":"News - Dark skating in T\u00e4rnaby"},"content":{"rendered":"<p><strong>We are now running a new programme in T\u00e4rnaby. Come and try night skiing in Ingemarbacken.<\/strong><\/p>\n<p>We switch off and let you ride with headlamps around Ingemarbacken. A guaranteed experience for everyone. Bring your own headlamp or buy\/borrow one on the slope.<\/p>\n<p>We've also lit up parts of the slope to create a lovely atmosphere. Sit by one of our fires and watch them come down in the dark.<\/p>\n<h3>Events during the Sports Holidays<\/h3>\n<p><strong>Week 9<\/strong><br \/>\nWednesday 28 February, 19:00-21:30<br \/>\nFriday 1\/3, 19:00-21:30<\/p>\n<p><strong>Week 10<\/strong><br \/>\nTuesday 5 March, 19:00-21:30<br \/>\nWednesday 6 March, 19:00-21:30<\/p>\n<p><strong>Location:<\/strong> Ingemar jaws<\/p>\n<h3>Welcome to the programme!<\/h3>","protected":false},"excerpt":{"rendered":"<p>Nu k\u00f6r vi en nyhet i T\u00e4rnaby. Kom och testa m\u00f6rker\u00e5kning i Ingemarbacken. Vi sl\u00e4cker ner och l\u00e5ter er \u00e5ka [&hellip;]<\/p>\n","protected":false},"author":1,"featured_media":3211,"comment_status":"closed","ping_status":"closed","sticky":false,"template":"","format":"standard","meta":{"_acf_changed":false,"footnotes":""},"categories":[31],"tags":[57,97,154,160,161],"class_list":["post-3210","post","type-post","status-publish","format-standard","has-post-thumbnail","hentry","category-aktuellt","tag-tarnaby","tag-kvallsakning","tag-sportlov-2024","tag-morkerakning","tag-pannlampa"],"acf":[],"yoast_head":"<!-- This site is optimized with the Yoast SEO plugin v27.2 - https:\/\/yoast.com\/product\/yoast-seo-wordpress\/ -->\n<title>Nyhet \u2013 M\u00f6rker\u00e5kning i T\u00e4rnaby - T\u00e4rnaby Alpint<\/title>\n<meta name=\"robots\" content=\"index, follow, max-snippet:-1, max-image-preview:large, max-video-preview:-1\" \/>\n<link rel=\"canonical\" href=\"https:\/\/tarnabyalpint.se\/en\/topical\/news-morkerakning-in-tarnaby\/\" \/>\n<meta property=\"og:locale\" content=\"en_GB\" \/>\n<meta property=\"og:type\" content=\"article\" \/>\n<meta property=\"og:title\" content=\"Nyhet \u2013 M\u00f6rker\u00e5kning i T\u00e4rnaby - T\u00e4rnaby Alpint\" \/>\n<meta property=\"og:description\" content=\"Nu k\u00f6r vi en nyhet i T\u00e4rnaby. Kom och testa m\u00f6rker\u00e5kning i Ingemarbacken. Vi sl\u00e4cker ner och l\u00e5ter er \u00e5ka [&hellip;]\" \/>\n<meta property=\"og:url\" content=\"https:\/\/tarnabyalpint.se\/en\/topical\/news-morkerakning-in-tarnaby\/\" \/>\n<meta property=\"og:site_name\" content=\"T\u00e4rnaby Alpint\" \/>\n<meta property=\"article:publisher\" content=\"https:\/\/www.facebook.com\/profile.php?id=100063492703007\" \/>\n<meta property=\"article:published_time\" content=\"2024-01-19T09:46:59+00:00\" \/>\n<meta property=\"article:modified_time\" content=\"2024-02-23T13:10:36+00:00\" \/>\n<meta property=\"og:image\" content=\"https:\/\/tarnabyalpint.se\/wp-content\/uploads\/2024\/01\/Morkerakning-i-Tarnaby-Skidakning-med-pannlampa-Tarnaby-Alpint-logo-2.jpg\" \/>\n\t<meta property=\"og:image:width\" content=\"1752\" \/>\n\t<meta property=\"og:image:height\" content=\"1168\" \/>\n\t<meta property=\"og:image:type\" content=\"image\/jpeg\" \/>\n<meta name=\"author\" content=\"ur-admin\" \/>\n<meta name=\"twitter:card\" content=\"summary_large_image\" \/>\n<meta name=\"twitter:label1\" content=\"Written by\" \/>\n\t<meta name=\"twitter:data1\" content=\"ur-admin\" \/>\n\t<meta name=\"twitter:label2\" content=\"Estimated reading time\" \/>\n\t<meta name=\"twitter:data2\" content=\"1 minute\" \/>\n<script type=\"application\/ld+json\" class=\"yoast-schema-graph\">{\"@context\":\"https:\/\/schema.org\",\"@graph\":[{\"@type\":\"Article\",\"@id\":\"https:\/\/tarnabyalpint.se\/aktuellt\/nyhet-morkerakning-i-tarnaby\/#article\",\"isPartOf\":{\"@id\":\"https:\/\/tarnabyalpint.se\/aktuellt\/nyhet-morkerakning-i-tarnaby\/\"},\"author\":{\"name\":\"ur-admin\",\"@id\":\"https:\/\/tarnabyalpint.se\/#\/schema\/person\/77057fdadc9298a25d2bea0dc6f26157\"},\"headline\":\"Nyhet \u2013 M\u00f6rker\u00e5kning i T\u00e4rnaby\",\"datePublished\":\"2024-01-19T09:46:59+00:00\",\"dateModified\":\"2024-02-23T13:10:36+00:00\",\"mainEntityOfPage\":{\"@id\":\"https:\/\/tarnabyalpint.se\/aktuellt\/nyhet-morkerakning-i-tarnaby\/\"},\"wordCount\":111,\"publisher\":{\"@id\":\"https:\/\/tarnabyalpint.se\/#organization\"},\"image\":{\"@id\":\"https:\/\/tarnabyalpint.se\/aktuellt\/nyhet-morkerakning-i-tarnaby\/#primaryimage\"},\"thumbnailUrl\":\"https:\/\/tarnabyalpint.se\/wp-content\/uploads\/2024\/01\/Morkerakning-i-Tarnaby-Skidakning-med-pannlampa-Tarnaby-Alpint-logo-2.jpg\",\"keywords\":[\"T\u00e4rnaby\",\"kv\u00e4lls\u00e5kning\",\"Sportlov 2024\",\"m\u00f6rker\u00e5kning\",\"pannlampa\"],\"articleSection\":[\"Aktuellt\"],\"inLanguage\":\"en-GB\"},{\"@type\":\"WebPage\",\"@id\":\"https:\/\/tarnabyalpint.se\/aktuellt\/nyhet-morkerakning-i-tarnaby\/\",\"url\":\"https:\/\/tarnabyalpint.se\/aktuellt\/nyhet-morkerakning-i-tarnaby\/\",\"name\":\"Nyhet \u2013 M\u00f6rker\u00e5kning i T\u00e4rnaby - T\u00e4rnaby Alpint\",\"isPartOf\":{\"@id\":\"https:\/\/tarnabyalpint.se\/#website\"},\"primaryImageOfPage\":{\"@id\":\"https:\/\/tarnabyalpint.se\/aktuellt\/nyhet-morkerakning-i-tarnaby\/#primaryimage\"},\"image\":{\"@id\":\"https:\/\/tarnabyalpint.se\/aktuellt\/nyhet-morkerakning-i-tarnaby\/#primaryimage\"},\"thumbnailUrl\":\"https:\/\/tarnabyalpint.se\/wp-content\/uploads\/2024\/01\/Morkerakning-i-Tarnaby-Skidakning-med-pannlampa-Tarnaby-Alpint-logo-2.jpg\",\"datePublished\":\"2024-01-19T09:46:59+00:00\",\"dateModified\":\"2024-02-23T13:10:36+00:00\",\"inLanguage\":\"en-GB\",\"potentialAction\":[{\"@type\":\"ReadAction\",\"target\":[\"https:\/\/tarnabyalpint.se\/aktuellt\/nyhet-morkerakning-i-tarnaby\/\"]}]},{\"@type\":\"ImageObject\",\"inLanguage\":\"en-GB\",\"@id\":\"https:\/\/tarnabyalpint.se\/aktuellt\/nyhet-morkerakning-i-tarnaby\/#primaryimage\",\"url\":\"https:\/\/tarnabyalpint.se\/wp-content\/uploads\/2024\/01\/Morkerakning-i-Tarnaby-Skidakning-med-pannlampa-Tarnaby-Alpint-logo-2.jpg\",\"contentUrl\":\"https:\/\/tarnabyalpint.se\/wp-content\/uploads\/2024\/01\/Morkerakning-i-Tarnaby-Skidakning-med-pannlampa-Tarnaby-Alpint-logo-2.jpg\",\"width\":1752,\"height\":1168,\"caption\":\"Mo\u0308rkera\u030akning i Ta\u0308rnaby Skida\u030akning med pannlampa Ta\u0308rnaby Alpint logo 2\"},{\"@type\":\"WebSite\",\"@id\":\"https:\/\/tarnabyalpint.se\/#website\",\"url\":\"https:\/\/tarnabyalpint.se\/\",\"name\":\"T\u00e4rnaby Alpint\",\"description\":\"En till WordPress-webbplats\",\"publisher\":{\"@id\":\"https:\/\/tarnabyalpint.se\/#organization\"},\"potentialAction\":[{\"@type\":\"SearchAction\",\"target\":{\"@type\":\"EntryPoint\",\"urlTemplate\":\"https:\/\/tarnabyalpint.se\/?s={search_term_string}\"},\"query-input\":{\"@type\":\"PropertyValueSpecification\",\"valueRequired\":true,\"valueName\":\"search_term_string\"}}],\"inLanguage\":\"en-GB\"},{\"@type\":\"Organization\",\"@id\":\"https:\/\/tarnabyalpint.se\/#organization\",\"name\":\"T\u00e4rnaby Alpint\",\"url\":\"https:\/\/tarnabyalpint.se\/\",\"logo\":{\"@type\":\"ImageObject\",\"inLanguage\":\"en-GB\",\"@id\":\"https:\/\/tarnabyalpint.se\/#\/schema\/logo\/image\/\",\"url\":\"https:\/\/tarnabyalpint.se\/wp-content\/uploads\/2022\/08\/tarnaby-alpint-white-blue-logo.jpg\",\"contentUrl\":\"https:\/\/tarnabyalpint.se\/wp-content\/uploads\/2022\/08\/tarnaby-alpint-white-blue-logo.jpg\",\"width\":900,\"height\":610,\"caption\":\"T\u00e4rnaby Alpint\"},\"image\":{\"@id\":\"https:\/\/tarnabyalpint.se\/#\/schema\/logo\/image\/\"},\"sameAs\":[\"https:\/\/www.facebook.com\/profile.php?id=100063492703007\"]},{\"@type\":\"Person\",\"@id\":\"https:\/\/tarnabyalpint.se\/#\/schema\/person\/77057fdadc9298a25d2bea0dc6f26157\",\"name\":\"ur-admin\",\"image\":{\"@type\":\"ImageObject\",\"inLanguage\":\"en-GB\",\"@id\":\"https:\/\/tarnabyalpint.se\/wp-content\/litespeed\/avatar\/f38d2bf85aaec3f9d5388536292cf810.jpg?ver=1777478888\",\"url\":\"https:\/\/tarnabyalpint.se\/wp-content\/litespeed\/avatar\/f38d2bf85aaec3f9d5388536292cf810.jpg?ver=1777478888\",\"contentUrl\":\"https:\/\/tarnabyalpint.se\/wp-content\/litespeed\/avatar\/f38d2bf85aaec3f9d5388536292cf810.jpg?ver=1777478888\",\"caption\":\"ur-admin\"},\"sameAs\":[\"https:\/\/tarnabyalpint.se\"]}]}<\/script>\n<!-- \/ Yoast SEO plugin. -->","yoast_head_json":{"title":"News - Dark skiing in T\u00e4rnaby - T\u00e4rnaby Alpint","robots":{"index":"index","follow":"follow","max-snippet":"max-snippet:-1","max-image-preview":"max-image-preview:large","max-video-preview":"max-video-preview:-1"},"canonical":"https:\/\/tarnabyalpint.se\/en\/topical\/news-morkerakning-in-tarnaby\/","og_locale":"en_GB","og_type":"article","og_title":"Nyhet \u2013 M\u00f6rker\u00e5kning i T\u00e4rnaby - T\u00e4rnaby Alpint","og_description":"Nu k\u00f6r vi en nyhet i T\u00e4rnaby. Kom och testa m\u00f6rker\u00e5kning i Ingemarbacken. Vi sl\u00e4cker ner och l\u00e5ter er \u00e5ka [&hellip;]","og_url":"https:\/\/tarnabyalpint.se\/en\/topical\/news-morkerakning-in-tarnaby\/","og_site_name":"T\u00e4rnaby Alpint","article_publisher":"https:\/\/www.facebook.com\/profile.php?id=100063492703007","article_published_time":"2024-01-19T09:46:59+00:00","article_modified_time":"2024-02-23T13:10:36+00:00","og_image":[{"width":1752,"height":1168,"url":"https:\/\/tarnabyalpint.se\/wp-content\/uploads\/2024\/01\/Morkerakning-i-Tarnaby-Skidakning-med-pannlampa-Tarnaby-Alpint-logo-2.jpg","type":"image\/jpeg"}],"author":"ur-admin","twitter_card":"summary_large_image","twitter_misc":{"Written by":"ur-admin","Estimated reading time":"1 minute"},"schema":{"@context":"https:\/\/schema.org","@graph":[{"@type":"Article","@id":"https:\/\/tarnabyalpint.se\/aktuellt\/nyhet-morkerakning-i-tarnaby\/#article","isPartOf":{"@id":"https:\/\/tarnabyalpint.se\/aktuellt\/nyhet-morkerakning-i-tarnaby\/"},"author":{"name":"ur-admin","@id":"https:\/\/tarnabyalpint.se\/#\/schema\/person\/77057fdadc9298a25d2bea0dc6f26157"},"headline":"Nyhet \u2013 M\u00f6rker\u00e5kning i T\u00e4rnaby","datePublished":"2024-01-19T09:46:59+00:00","dateModified":"2024-02-23T13:10:36+00:00","mainEntityOfPage":{"@id":"https:\/\/tarnabyalpint.se\/aktuellt\/nyhet-morkerakning-i-tarnaby\/"},"wordCount":111,"publisher":{"@id":"https:\/\/tarnabyalpint.se\/#organization"},"image":{"@id":"https:\/\/tarnabyalpint.se\/aktuellt\/nyhet-morkerakning-i-tarnaby\/#primaryimage"},"thumbnailUrl":"https:\/\/tarnabyalpint.se\/wp-content\/uploads\/2024\/01\/Morkerakning-i-Tarnaby-Skidakning-med-pannlampa-Tarnaby-Alpint-logo-2.jpg","keywords":["T\u00e4rnaby","kv\u00e4lls\u00e5kning","Sportlov 2024","m\u00f6rker\u00e5kning","pannlampa"],"articleSection":["Aktuellt"],"inLanguage":"en-GB"},{"@type":"WebPage","@id":"https:\/\/tarnabyalpint.se\/aktuellt\/nyhet-morkerakning-i-tarnaby\/","url":"https:\/\/tarnabyalpint.se\/aktuellt\/nyhet-morkerakning-i-tarnaby\/","name":"News - Dark skiing in T\u00e4rnaby - T\u00e4rnaby Alpint","isPartOf":{"@id":"https:\/\/tarnabyalpint.se\/#website"},"primaryImageOfPage":{"@id":"https:\/\/tarnabyalpint.se\/aktuellt\/nyhet-morkerakning-i-tarnaby\/#primaryimage"},"image":{"@id":"https:\/\/tarnabyalpint.se\/aktuellt\/nyhet-morkerakning-i-tarnaby\/#primaryimage"},"thumbnailUrl":"https:\/\/tarnabyalpint.se\/wp-content\/uploads\/2024\/01\/Morkerakning-i-Tarnaby-Skidakning-med-pannlampa-Tarnaby-Alpint-logo-2.jpg","datePublished":"2024-01-19T09:46:59+00:00","dateModified":"2024-02-23T13:10:36+00:00","inLanguage":"en-GB","potentialAction":[{"@type":"ReadAction","target":["https:\/\/tarnabyalpint.se\/aktuellt\/nyhet-morkerakning-i-tarnaby\/"]}]},{"@type":"ImageObject","inLanguage":"en-GB","@id":"https:\/\/tarnabyalpint.se\/aktuellt\/nyhet-morkerakning-i-tarnaby\/#primaryimage","url":"https:\/\/tarnabyalpint.se\/wp-content\/uploads\/2024\/01\/Morkerakning-i-Tarnaby-Skidakning-med-pannlampa-Tarnaby-Alpint-logo-2.jpg","contentUrl":"https:\/\/tarnabyalpint.se\/wp-content\/uploads\/2024\/01\/Morkerakning-i-Tarnaby-Skidakning-med-pannlampa-Tarnaby-Alpint-logo-2.jpg","width":1752,"height":1168,"caption":"Mo\u0308rkera\u030akning i Ta\u0308rnaby Skida\u030akning med pannlampa Ta\u0308rnaby Alpint logo 2"},{"@type":"WebSite","@id":"https:\/\/tarnabyalpint.se\/#website","url":"https:\/\/tarnabyalpint.se\/","name":"T\u00e4rnaby Alpine Skiing","description":"Another WordPress website","publisher":{"@id":"https:\/\/tarnabyalpint.se\/#organization"},"potentialAction":[{"@type":"SearchAction","target":{"@type":"EntryPoint","urlTemplate":"https:\/\/tarnabyalpint.se\/?s={search_term_string}"},"query-input":{"@type":"PropertyValueSpecification","valueRequired":true,"valueName":"search_term_string"}}],"inLanguage":"en-GB"},{"@type":"Organization","@id":"https:\/\/tarnabyalpint.se\/#organization","name":"T\u00e4rnaby Alpine Skiing","url":"https:\/\/tarnabyalpint.se\/","logo":{"@type":"ImageObject","inLanguage":"en-GB","@id":"https:\/\/tarnabyalpint.se\/#\/schema\/logo\/image\/","url":"https:\/\/tarnabyalpint.se\/wp-content\/uploads\/2022\/08\/tarnaby-alpint-white-blue-logo.jpg","contentUrl":"https:\/\/tarnabyalpint.se\/wp-content\/uploads\/2022\/08\/tarnaby-alpint-white-blue-logo.jpg","width":900,"height":610,"caption":"T\u00e4rnaby Alpint"},"image":{"@id":"https:\/\/tarnabyalpint.se\/#\/schema\/logo\/image\/"},"sameAs":["https:\/\/www.facebook.com\/profile.php?id=100063492703007"]},{"@type":"Person","@id":"https:\/\/tarnabyalpint.se\/#\/schema\/person\/77057fdadc9298a25d2bea0dc6f26157","name":"ur-admin","image":{"@type":"ImageObject","inLanguage":"en-GB","@id":"https:\/\/tarnabyalpint.se\/wp-content\/litespeed\/avatar\/f38d2bf85aaec3f9d5388536292cf810.jpg?ver=1777478888","url":"https:\/\/tarnabyalpint.se\/wp-content\/litespeed\/avatar\/f38d2bf85aaec3f9d5388536292cf810.jpg?ver=1777478888","contentUrl":"https:\/\/tarnabyalpint.se\/wp-content\/litespeed\/avatar\/f38d2bf85aaec3f9d5388536292cf810.jpg?ver=1777478888","caption":"ur-admin"},"sameAs":["https:\/\/tarnabyalpint.se"]}]}},"_links":{"self":[{"href":"https:\/\/tarnabyalpint.se\/en\/wp-json\/wp\/v2\/posts\/3210","targetHints":{"allow":["GET"]}}],"collection":[{"href":"https:\/\/tarnabyalpint.se\/en\/wp-json\/wp\/v2\/posts"}],"about":[{"href":"https:\/\/tarnabyalpint.se\/en\/wp-json\/wp\/v2\/types\/post"}],"author":[{"embeddable":true,"href":"https:\/\/tarnabyalpint.se\/en\/wp-json\/wp\/v2\/users\/1"}],"replies":[{"embeddable":true,"href":"https:\/\/tarnabyalpint.se\/en\/wp-json\/wp\/v2\/comments?post=3210"}],"version-history":[{"count":3,"href":"https:\/\/tarnabyalpint.se\/en\/wp-json\/wp\/v2\/posts\/3210\/revisions"}],"predecessor-version":[{"id":3266,"href":"https:\/\/tarnabyalpint.se\/en\/wp-json\/wp\/v2\/posts\/3210\/revisions\/3266"}],"wp:featuredmedia":[{"embeddable":true,"href":"https:\/\/tarnabyalpint.se\/en\/wp-json\/wp\/v2\/media\/3211"}],"wp:attachment":[{"href":"https:\/\/tarnabyalpint.se\/en\/wp-json\/wp\/v2\/media?parent=3210"}],"wp:term":[{"taxonomy":"category","embeddable":true,"href":"https:\/\/tarnabyalpint.se\/en\/wp-json\/wp\/v2\/categories?post=3210"},{"taxonomy":"post_tag","embeddable":true,"href":"https:\/\/tarnabyalpint.se\/en\/wp-json\/wp\/v2\/tags?post=3210"}],"curies":[{"name":"wp","href":"https:\/\/api.w.org\/{rel}","templated":true}]}}