{"id":3055,"date":"2023-12-19T14:24:17","date_gmt":"2023-12-19T13:24:17","guid":{"rendered":"https:\/\/tarnabyalpint.se\/?p=3055"},"modified":"2023-12-19T22:28:33","modified_gmt":"2023-12-19T21:28:33","slug":"quake-in-the-minimoon-over-the-midweek-and-new-year-holidays","status":"publish","type":"post","link":"https:\/\/tarnabyalpint.se\/en\/aktuellt\/kvallsakning-i-minimonne-under-mellandagarna-och-nyarshelgen\/","title":{"rendered":"Evening skiing in Minimonne during the Christmas and New Year holidays"},"content":{"rendered":"<p>During Christmas, we are open for evening skiing in Minimonne at Sporthotellet. A favourite for children and young people in the evening.<\/p>\n<p>The Minimonne is open from 28 December to 2 January, from 18.00 to 20.00.<\/p>\n<h3>Welcome to the programme!<\/h3>\n<p><strong><a href=\"https:\/\/tarnabyalpint.se\/en\/ski-waxing\/slopes-and-lifts\/\">Other opening hours can be found here \u00bb<\/a><\/strong><\/p>","protected":false},"excerpt":{"rendered":"<p>Under julen h\u00e5ller vi \u00f6ppet f\u00f6r kv\u00e4lls\u00e5kning i Minimonne vid Sporthotellet. En favorit f\u00f6r barn och ungdomar p\u00e5 kv\u00e4llen. Minimonne [&hellip;]<\/p>\n","protected":false},"author":1,"featured_media":2059,"comment_status":"closed","ping_status":"closed","sticky":false,"template":"","format":"standard","meta":{"_acf_changed":false,"footnotes":""},"categories":[31],"tags":[97,57,70,96],"class_list":["post-3055","post","type-post","status-publish","format-standard","has-post-thumbnail","hentry","category-aktuellt","tag-kvallsakning","tag-tarnaby","tag-minimonne","tag-barnbacke"],"acf":[],"yoast_head":"<!-- This site is optimized with the Yoast SEO plugin v27.2 - https:\/\/yoast.com\/product\/yoast-seo-wordpress\/ -->\n<title>Kv\u00e4lls\u00e5kning i Minimonne under mellandagarna och ny\u00e5rshelgen - T\u00e4rnaby Alpint<\/title>\n<meta name=\"robots\" content=\"index, follow, max-snippet:-1, max-image-preview:large, max-video-preview:-1\" \/>\n<link rel=\"canonical\" href=\"https:\/\/tarnabyalpint.se\/en\/topical\/quake-in-the-minimoon-over-the-midweek-and-new-year-holidays\/\" \/>\n<meta property=\"og:locale\" content=\"en_GB\" \/>\n<meta property=\"og:type\" content=\"article\" \/>\n<meta property=\"og:title\" content=\"Kv\u00e4lls\u00e5kning i Minimonne under mellandagarna och ny\u00e5rshelgen - T\u00e4rnaby Alpint\" \/>\n<meta property=\"og:description\" content=\"Under julen h\u00e5ller vi \u00f6ppet f\u00f6r kv\u00e4lls\u00e5kning i Minimonne vid Sporthotellet. En favorit f\u00f6r barn och ungdomar p\u00e5 kv\u00e4llen. Minimonne [&hellip;]\" \/>\n<meta property=\"og:url\" content=\"https:\/\/tarnabyalpint.se\/en\/topical\/quake-in-the-minimoon-over-the-midweek-and-new-year-holidays\/\" \/>\n<meta property=\"og:site_name\" content=\"T\u00e4rnaby Alpint\" \/>\n<meta property=\"article:publisher\" content=\"https:\/\/www.facebook.com\/profile.php?id=100063492703007\" \/>\n<meta property=\"article:published_time\" content=\"2023-12-19T13:24:17+00:00\" \/>\n<meta property=\"article:modified_time\" content=\"2023-12-19T21:28:33+00:00\" \/>\n<meta property=\"og:image\" content=\"https:\/\/tarnabyalpint.se\/wp-content\/uploads\/2022\/08\/Tarnaby-Alpint-Kvallsakning-i-Minimonne-Aktuellt-2.jpg\" \/>\n\t<meta property=\"og:image:width\" content=\"1536\" \/>\n\t<meta property=\"og:image:height\" content=\"1229\" \/>\n\t<meta property=\"og:image:type\" content=\"image\/jpeg\" \/>\n<meta name=\"author\" content=\"ur-admin\" \/>\n<meta name=\"twitter:card\" content=\"summary_large_image\" \/>\n<meta name=\"twitter:label1\" content=\"Written by\" \/>\n\t<meta name=\"twitter:data1\" content=\"ur-admin\" \/>\n\t<meta name=\"twitter:label2\" content=\"Estimated reading time\" \/>\n\t<meta name=\"twitter:data2\" content=\"1 minute\" \/>\n<script type=\"application\/ld+json\" class=\"yoast-schema-graph\">{\"@context\":\"https:\/\/schema.org\",\"@graph\":[{\"@type\":\"Article\",\"@id\":\"https:\/\/tarnabyalpint.se\/aktuellt\/kvallsakning-i-minimonne-under-mellandagarna-och-nyarshelgen\/#article\",\"isPartOf\":{\"@id\":\"https:\/\/tarnabyalpint.se\/aktuellt\/kvallsakning-i-minimonne-under-mellandagarna-och-nyarshelgen\/\"},\"author\":{\"name\":\"ur-admin\",\"@id\":\"https:\/\/tarnabyalpint.se\/#\/schema\/person\/77057fdadc9298a25d2bea0dc6f26157\"},\"headline\":\"Kv\u00e4lls\u00e5kning i Minimonne under mellandagarna och ny\u00e5rshelgen\",\"datePublished\":\"2023-12-19T13:24:17+00:00\",\"dateModified\":\"2023-12-19T21:28:33+00:00\",\"mainEntityOfPage\":{\"@id\":\"https:\/\/tarnabyalpint.se\/aktuellt\/kvallsakning-i-minimonne-under-mellandagarna-och-nyarshelgen\/\"},\"wordCount\":50,\"publisher\":{\"@id\":\"https:\/\/tarnabyalpint.se\/#organization\"},\"image\":{\"@id\":\"https:\/\/tarnabyalpint.se\/aktuellt\/kvallsakning-i-minimonne-under-mellandagarna-och-nyarshelgen\/#primaryimage\"},\"thumbnailUrl\":\"https:\/\/tarnabyalpint.se\/wp-content\/uploads\/2022\/08\/Tarnaby-Alpint-Kvallsakning-i-Minimonne-Aktuellt-2.jpg\",\"keywords\":[\"kv\u00e4lls\u00e5kning\",\"T\u00e4rnaby\",\"Minimonne\",\"barnbacke\"],\"articleSection\":[\"Aktuellt\"],\"inLanguage\":\"en-GB\"},{\"@type\":\"WebPage\",\"@id\":\"https:\/\/tarnabyalpint.se\/aktuellt\/kvallsakning-i-minimonne-under-mellandagarna-och-nyarshelgen\/\",\"url\":\"https:\/\/tarnabyalpint.se\/aktuellt\/kvallsakning-i-minimonne-under-mellandagarna-och-nyarshelgen\/\",\"name\":\"Kv\u00e4lls\u00e5kning i Minimonne under mellandagarna och ny\u00e5rshelgen - T\u00e4rnaby Alpint\",\"isPartOf\":{\"@id\":\"https:\/\/tarnabyalpint.se\/#website\"},\"primaryImageOfPage\":{\"@id\":\"https:\/\/tarnabyalpint.se\/aktuellt\/kvallsakning-i-minimonne-under-mellandagarna-och-nyarshelgen\/#primaryimage\"},\"image\":{\"@id\":\"https:\/\/tarnabyalpint.se\/aktuellt\/kvallsakning-i-minimonne-under-mellandagarna-och-nyarshelgen\/#primaryimage\"},\"thumbnailUrl\":\"https:\/\/tarnabyalpint.se\/wp-content\/uploads\/2022\/08\/Tarnaby-Alpint-Kvallsakning-i-Minimonne-Aktuellt-2.jpg\",\"datePublished\":\"2023-12-19T13:24:17+00:00\",\"dateModified\":\"2023-12-19T21:28:33+00:00\",\"inLanguage\":\"en-GB\",\"potentialAction\":[{\"@type\":\"ReadAction\",\"target\":[\"https:\/\/tarnabyalpint.se\/aktuellt\/kvallsakning-i-minimonne-under-mellandagarna-och-nyarshelgen\/\"]}]},{\"@type\":\"ImageObject\",\"inLanguage\":\"en-GB\",\"@id\":\"https:\/\/tarnabyalpint.se\/aktuellt\/kvallsakning-i-minimonne-under-mellandagarna-och-nyarshelgen\/#primaryimage\",\"url\":\"https:\/\/tarnabyalpint.se\/wp-content\/uploads\/2022\/08\/Tarnaby-Alpint-Kvallsakning-i-Minimonne-Aktuellt-2.jpg\",\"contentUrl\":\"https:\/\/tarnabyalpint.se\/wp-content\/uploads\/2022\/08\/Tarnaby-Alpint-Kvallsakning-i-Minimonne-Aktuellt-2.jpg\",\"width\":1536,\"height\":1229,\"caption\":\"Tarnaby Alpint Kvallsakning i Minimonne Aktuellt 2\"},{\"@type\":\"WebSite\",\"@id\":\"https:\/\/tarnabyalpint.se\/#website\",\"url\":\"https:\/\/tarnabyalpint.se\/\",\"name\":\"T\u00e4rnaby Alpint\",\"description\":\"En till WordPress-webbplats\",\"publisher\":{\"@id\":\"https:\/\/tarnabyalpint.se\/#organization\"},\"potentialAction\":[{\"@type\":\"SearchAction\",\"target\":{\"@type\":\"EntryPoint\",\"urlTemplate\":\"https:\/\/tarnabyalpint.se\/?s={search_term_string}\"},\"query-input\":{\"@type\":\"PropertyValueSpecification\",\"valueRequired\":true,\"valueName\":\"search_term_string\"}}],\"inLanguage\":\"en-GB\"},{\"@type\":\"Organization\",\"@id\":\"https:\/\/tarnabyalpint.se\/#organization\",\"name\":\"T\u00e4rnaby Alpint\",\"url\":\"https:\/\/tarnabyalpint.se\/\",\"logo\":{\"@type\":\"ImageObject\",\"inLanguage\":\"en-GB\",\"@id\":\"https:\/\/tarnabyalpint.se\/#\/schema\/logo\/image\/\",\"url\":\"https:\/\/tarnabyalpint.se\/wp-content\/uploads\/2022\/08\/tarnaby-alpint-white-blue-logo.jpg\",\"contentUrl\":\"https:\/\/tarnabyalpint.se\/wp-content\/uploads\/2022\/08\/tarnaby-alpint-white-blue-logo.jpg\",\"width\":900,\"height\":610,\"caption\":\"T\u00e4rnaby Alpint\"},\"image\":{\"@id\":\"https:\/\/tarnabyalpint.se\/#\/schema\/logo\/image\/\"},\"sameAs\":[\"https:\/\/www.facebook.com\/profile.php?id=100063492703007\"]},{\"@type\":\"Person\",\"@id\":\"https:\/\/tarnabyalpint.se\/#\/schema\/person\/77057fdadc9298a25d2bea0dc6f26157\",\"name\":\"ur-admin\",\"image\":{\"@type\":\"ImageObject\",\"inLanguage\":\"en-GB\",\"@id\":\"https:\/\/tarnabyalpint.se\/wp-content\/litespeed\/avatar\/f38d2bf85aaec3f9d5388536292cf810.jpg?ver=1777478888\",\"url\":\"https:\/\/tarnabyalpint.se\/wp-content\/litespeed\/avatar\/f38d2bf85aaec3f9d5388536292cf810.jpg?ver=1777478888\",\"contentUrl\":\"https:\/\/tarnabyalpint.se\/wp-content\/litespeed\/avatar\/f38d2bf85aaec3f9d5388536292cf810.jpg?ver=1777478888\",\"caption\":\"ur-admin\"},\"sameAs\":[\"https:\/\/tarnabyalpint.se\"]}]}<\/script>\n<!-- \/ Yoast SEO plugin. -->","yoast_head_json":{"title":"Evening skiing in Minimonne during the Christmas and New Year holidays - T\u00e4rnaby Alpint","robots":{"index":"index","follow":"follow","max-snippet":"max-snippet:-1","max-image-preview":"max-image-preview:large","max-video-preview":"max-video-preview:-1"},"canonical":"https:\/\/tarnabyalpint.se\/en\/topical\/quake-in-the-minimoon-over-the-midweek-and-new-year-holidays\/","og_locale":"en_GB","og_type":"article","og_title":"Kv\u00e4lls\u00e5kning i Minimonne under mellandagarna och ny\u00e5rshelgen - T\u00e4rnaby Alpint","og_description":"Under julen h\u00e5ller vi \u00f6ppet f\u00f6r kv\u00e4lls\u00e5kning i Minimonne vid Sporthotellet. En favorit f\u00f6r barn och ungdomar p\u00e5 kv\u00e4llen. Minimonne [&hellip;]","og_url":"https:\/\/tarnabyalpint.se\/en\/topical\/quake-in-the-minimoon-over-the-midweek-and-new-year-holidays\/","og_site_name":"T\u00e4rnaby Alpint","article_publisher":"https:\/\/www.facebook.com\/profile.php?id=100063492703007","article_published_time":"2023-12-19T13:24:17+00:00","article_modified_time":"2023-12-19T21:28:33+00:00","og_image":[{"width":1536,"height":1229,"url":"https:\/\/tarnabyalpint.se\/wp-content\/uploads\/2022\/08\/Tarnaby-Alpint-Kvallsakning-i-Minimonne-Aktuellt-2.jpg","type":"image\/jpeg"}],"author":"ur-admin","twitter_card":"summary_large_image","twitter_misc":{"Written by":"ur-admin","Estimated reading time":"1 minute"},"schema":{"@context":"https:\/\/schema.org","@graph":[{"@type":"Article","@id":"https:\/\/tarnabyalpint.se\/aktuellt\/kvallsakning-i-minimonne-under-mellandagarna-och-nyarshelgen\/#article","isPartOf":{"@id":"https:\/\/tarnabyalpint.se\/aktuellt\/kvallsakning-i-minimonne-under-mellandagarna-och-nyarshelgen\/"},"author":{"name":"ur-admin","@id":"https:\/\/tarnabyalpint.se\/#\/schema\/person\/77057fdadc9298a25d2bea0dc6f26157"},"headline":"Kv\u00e4lls\u00e5kning i Minimonne under mellandagarna och ny\u00e5rshelgen","datePublished":"2023-12-19T13:24:17+00:00","dateModified":"2023-12-19T21:28:33+00:00","mainEntityOfPage":{"@id":"https:\/\/tarnabyalpint.se\/aktuellt\/kvallsakning-i-minimonne-under-mellandagarna-och-nyarshelgen\/"},"wordCount":50,"publisher":{"@id":"https:\/\/tarnabyalpint.se\/#organization"},"image":{"@id":"https:\/\/tarnabyalpint.se\/aktuellt\/kvallsakning-i-minimonne-under-mellandagarna-och-nyarshelgen\/#primaryimage"},"thumbnailUrl":"https:\/\/tarnabyalpint.se\/wp-content\/uploads\/2022\/08\/Tarnaby-Alpint-Kvallsakning-i-Minimonne-Aktuellt-2.jpg","keywords":["kv\u00e4lls\u00e5kning","T\u00e4rnaby","Minimonne","barnbacke"],"articleSection":["Aktuellt"],"inLanguage":"en-GB"},{"@type":"WebPage","@id":"https:\/\/tarnabyalpint.se\/aktuellt\/kvallsakning-i-minimonne-under-mellandagarna-och-nyarshelgen\/","url":"https:\/\/tarnabyalpint.se\/aktuellt\/kvallsakning-i-minimonne-under-mellandagarna-och-nyarshelgen\/","name":"Evening skiing in Minimonne during the Christmas and New Year holidays - T\u00e4rnaby Alpint","isPartOf":{"@id":"https:\/\/tarnabyalpint.se\/#website"},"primaryImageOfPage":{"@id":"https:\/\/tarnabyalpint.se\/aktuellt\/kvallsakning-i-minimonne-under-mellandagarna-och-nyarshelgen\/#primaryimage"},"image":{"@id":"https:\/\/tarnabyalpint.se\/aktuellt\/kvallsakning-i-minimonne-under-mellandagarna-och-nyarshelgen\/#primaryimage"},"thumbnailUrl":"https:\/\/tarnabyalpint.se\/wp-content\/uploads\/2022\/08\/Tarnaby-Alpint-Kvallsakning-i-Minimonne-Aktuellt-2.jpg","datePublished":"2023-12-19T13:24:17+00:00","dateModified":"2023-12-19T21:28:33+00:00","inLanguage":"en-GB","potentialAction":[{"@type":"ReadAction","target":["https:\/\/tarnabyalpint.se\/aktuellt\/kvallsakning-i-minimonne-under-mellandagarna-och-nyarshelgen\/"]}]},{"@type":"ImageObject","inLanguage":"en-GB","@id":"https:\/\/tarnabyalpint.se\/aktuellt\/kvallsakning-i-minimonne-under-mellandagarna-och-nyarshelgen\/#primaryimage","url":"https:\/\/tarnabyalpint.se\/wp-content\/uploads\/2022\/08\/Tarnaby-Alpint-Kvallsakning-i-Minimonne-Aktuellt-2.jpg","contentUrl":"https:\/\/tarnabyalpint.se\/wp-content\/uploads\/2022\/08\/Tarnaby-Alpint-Kvallsakning-i-Minimonne-Aktuellt-2.jpg","width":1536,"height":1229,"caption":"Tarnaby Alpint Kvallsakning i Minimonne Aktuellt 2"},{"@type":"WebSite","@id":"https:\/\/tarnabyalpint.se\/#website","url":"https:\/\/tarnabyalpint.se\/","name":"T\u00e4rnaby Alpine Skiing","description":"Another WordPress website","publisher":{"@id":"https:\/\/tarnabyalpint.se\/#organization"},"potentialAction":[{"@type":"SearchAction","target":{"@type":"EntryPoint","urlTemplate":"https:\/\/tarnabyalpint.se\/?s={search_term_string}"},"query-input":{"@type":"PropertyValueSpecification","valueRequired":true,"valueName":"search_term_string"}}],"inLanguage":"en-GB"},{"@type":"Organization","@id":"https:\/\/tarnabyalpint.se\/#organization","name":"T\u00e4rnaby Alpine Skiing","url":"https:\/\/tarnabyalpint.se\/","logo":{"@type":"ImageObject","inLanguage":"en-GB","@id":"https:\/\/tarnabyalpint.se\/#\/schema\/logo\/image\/","url":"https:\/\/tarnabyalpint.se\/wp-content\/uploads\/2022\/08\/tarnaby-alpint-white-blue-logo.jpg","contentUrl":"https:\/\/tarnabyalpint.se\/wp-content\/uploads\/2022\/08\/tarnaby-alpint-white-blue-logo.jpg","width":900,"height":610,"caption":"T\u00e4rnaby Alpint"},"image":{"@id":"https:\/\/tarnabyalpint.se\/#\/schema\/logo\/image\/"},"sameAs":["https:\/\/www.facebook.com\/profile.php?id=100063492703007"]},{"@type":"Person","@id":"https:\/\/tarnabyalpint.se\/#\/schema\/person\/77057fdadc9298a25d2bea0dc6f26157","name":"ur-admin","image":{"@type":"ImageObject","inLanguage":"en-GB","@id":"https:\/\/tarnabyalpint.se\/wp-content\/litespeed\/avatar\/f38d2bf85aaec3f9d5388536292cf810.jpg?ver=1777478888","url":"https:\/\/tarnabyalpint.se\/wp-content\/litespeed\/avatar\/f38d2bf85aaec3f9d5388536292cf810.jpg?ver=1777478888","contentUrl":"https:\/\/tarnabyalpint.se\/wp-content\/litespeed\/avatar\/f38d2bf85aaec3f9d5388536292cf810.jpg?ver=1777478888","caption":"ur-admin"},"sameAs":["https:\/\/tarnabyalpint.se"]}]}},"_links":{"self":[{"href":"https:\/\/tarnabyalpint.se\/en\/wp-json\/wp\/v2\/posts\/3055","targetHints":{"allow":["GET"]}}],"collection":[{"href":"https:\/\/tarnabyalpint.se\/en\/wp-json\/wp\/v2\/posts"}],"about":[{"href":"https:\/\/tarnabyalpint.se\/en\/wp-json\/wp\/v2\/types\/post"}],"author":[{"embeddable":true,"href":"https:\/\/tarnabyalpint.se\/en\/wp-json\/wp\/v2\/users\/1"}],"replies":[{"embeddable":true,"href":"https:\/\/tarnabyalpint.se\/en\/wp-json\/wp\/v2\/comments?post=3055"}],"version-history":[{"count":1,"href":"https:\/\/tarnabyalpint.se\/en\/wp-json\/wp\/v2\/posts\/3055\/revisions"}],"predecessor-version":[{"id":3056,"href":"https:\/\/tarnabyalpint.se\/en\/wp-json\/wp\/v2\/posts\/3055\/revisions\/3056"}],"wp:featuredmedia":[{"embeddable":true,"href":"https:\/\/tarnabyalpint.se\/en\/wp-json\/wp\/v2\/media\/2059"}],"wp:attachment":[{"href":"https:\/\/tarnabyalpint.se\/en\/wp-json\/wp\/v2\/media?parent=3055"}],"wp:term":[{"taxonomy":"category","embeddable":true,"href":"https:\/\/tarnabyalpint.se\/en\/wp-json\/wp\/v2\/categories?post=3055"},{"taxonomy":"post_tag","embeddable":true,"href":"https:\/\/tarnabyalpint.se\/en\/wp-json\/wp\/v2\/tags?post=3055"}],"curies":[{"name":"wp","href":"https:\/\/api.w.org\/{rel}","templated":true}]}}