{"id":3028,"date":"2023-12-16T14:19:42","date_gmt":"2023-12-16T13:19:42","guid":{"rendered":"https:\/\/tarnabyalpint.se\/?p=3028"},"modified":"2023-12-20T15:58:11","modified_gmt":"2023-12-20T14:58:11","slug":"celebrate-christmas-eve-in-tarnaby-welcome-to-ingemarbacken","status":"publish","type":"post","link":"https:\/\/tarnabyalpint.se\/en\/aktuellt\/fira-julafton-i-tarnaby-valkommen-till-ingemarbacken\/","title":{"rendered":"Celebrate Christmas Eve in T\u00e4rnaby - welcome to Ingemarbacken"},"content":{"rendered":"<p><strong>Everyone is warmly welcome to start Christmas Eve with us in Ingemarbacken. Come with or without skis.<\/strong><\/p>\n<p><strong>Christmas Eve prices!<\/strong>\u00a0SEK 200 for adults, SEK 100 for young people (aged 7-17) and children aged 0-6 go free as usual. *<\/p>\n<p><strong><a href=\"https:\/\/tarnabyalpint.se\/en\/food-drink-tarnaby\/cafe-tarningen\/\">Caf\u00e9 Dice<\/a> <\/strong>will serve mulled wine and ham sandwiches at Ingemarbacken. At 12.00 noon the T\u00e4rnabyomten will visit and hand out goodies to all children.<\/p>\n<p>The slope is open from 10.00 to 14.00.<\/p>\n<h4>A warm welcome to a great start to Christmas Eve!<\/h4>\n<p><em>* Note! The discounted lift passes for Christmas Eve can only be bought on site in Ingemarbacken. The lift passes are only valid in T\u00e4rnaby.\u00a0<\/em><\/p>","protected":false},"excerpt":{"rendered":"<p>Alla \u00e4r varmt v\u00e4lkomna till att starta julafton hos oss i Ingemarbacken. Kom med eller utan skidor. Julaftonspriser!\u00a0200 kr f\u00f6r [&hellip;]<\/p>\n","protected":false},"author":1,"featured_media":3071,"comment_status":"closed","ping_status":"closed","sticky":false,"template":"","format":"standard","meta":{"_acf_changed":false,"footnotes":""},"categories":[31],"tags":[48,62,132,134,135,136,137,138],"class_list":["post-3028","post","type-post","status-publish","format-standard","has-post-thumbnail","hentry","category-aktuellt","tag-cafe-tarningen","tag-ingemarbacken","tag-jul","tag-julhelg","tag-julafton","tag-tarnabytomten","tag-tomten","tag-utforsakning"],"acf":[],"yoast_head":"<!-- This site is optimized with the Yoast SEO plugin v27.2 - https:\/\/yoast.com\/product\/yoast-seo-wordpress\/ -->\n<title>Fira julafton i T\u00e4rnaby \u2013 v\u00e4lkommen till Ingemarbacken - T\u00e4rnaby Alpint<\/title>\n<meta name=\"robots\" content=\"index, follow, max-snippet:-1, max-image-preview:large, max-video-preview:-1\" \/>\n<link rel=\"canonical\" href=\"https:\/\/tarnabyalpint.se\/en\/topical\/celebrate-christmas-eve-in-tarnaby-welcome-to-ingemarbacken\/\" \/>\n<meta property=\"og:locale\" content=\"en_GB\" \/>\n<meta property=\"og:type\" content=\"article\" \/>\n<meta property=\"og:title\" content=\"Fira julafton i T\u00e4rnaby \u2013 v\u00e4lkommen till Ingemarbacken - T\u00e4rnaby Alpint\" \/>\n<meta property=\"og:description\" content=\"Alla \u00e4r varmt v\u00e4lkomna till att starta julafton hos oss i Ingemarbacken. Kom med eller utan skidor. Julaftonspriser!\u00a0200 kr f\u00f6r [&hellip;]\" \/>\n<meta property=\"og:url\" content=\"https:\/\/tarnabyalpint.se\/en\/topical\/celebrate-christmas-eve-in-tarnaby-welcome-to-ingemarbacken\/\" \/>\n<meta property=\"og:site_name\" content=\"T\u00e4rnaby Alpint\" \/>\n<meta property=\"article:publisher\" content=\"https:\/\/www.facebook.com\/profile.php?id=100063492703007\" \/>\n<meta property=\"article:published_time\" content=\"2023-12-16T13:19:42+00:00\" \/>\n<meta property=\"article:modified_time\" content=\"2023-12-20T14:58:11+00:00\" \/>\n<meta property=\"og:image\" content=\"https:\/\/tarnabyalpint.se\/wp-content\/uploads\/2023\/12\/Tarnabytomten-Ingemarbacken-Tarnaby-Alpint-Julafton-Jul-Skidakning-Friakning-Tarnaby-Alpint-webb-ver2-scaled.jpg\" \/>\n\t<meta property=\"og:image:width\" content=\"2560\" \/>\n\t<meta property=\"og:image:height\" content=\"1707\" \/>\n\t<meta property=\"og:image:type\" content=\"image\/jpeg\" \/>\n<meta name=\"author\" content=\"ur-admin\" \/>\n<meta name=\"twitter:card\" content=\"summary_large_image\" \/>\n<meta name=\"twitter:label1\" content=\"Written by\" \/>\n\t<meta name=\"twitter:data1\" content=\"ur-admin\" \/>\n\t<meta name=\"twitter:label2\" content=\"Estimated reading time\" \/>\n\t<meta name=\"twitter:data2\" content=\"1 minute\" \/>\n<script type=\"application\/ld+json\" class=\"yoast-schema-graph\">{\"@context\":\"https:\/\/schema.org\",\"@graph\":[{\"@type\":\"Article\",\"@id\":\"https:\/\/tarnabyalpint.se\/aktuellt\/fira-julafton-i-tarnaby-valkommen-till-ingemarbacken\/#article\",\"isPartOf\":{\"@id\":\"https:\/\/tarnabyalpint.se\/aktuellt\/fira-julafton-i-tarnaby-valkommen-till-ingemarbacken\/\"},\"author\":{\"name\":\"ur-admin\",\"@id\":\"https:\/\/tarnabyalpint.se\/#\/schema\/person\/77057fdadc9298a25d2bea0dc6f26157\"},\"headline\":\"Fira julafton i T\u00e4rnaby \u2013 v\u00e4lkommen till Ingemarbacken\",\"datePublished\":\"2023-12-16T13:19:42+00:00\",\"dateModified\":\"2023-12-20T14:58:11+00:00\",\"mainEntityOfPage\":{\"@id\":\"https:\/\/tarnabyalpint.se\/aktuellt\/fira-julafton-i-tarnaby-valkommen-till-ingemarbacken\/\"},\"wordCount\":107,\"publisher\":{\"@id\":\"https:\/\/tarnabyalpint.se\/#organization\"},\"image\":{\"@id\":\"https:\/\/tarnabyalpint.se\/aktuellt\/fira-julafton-i-tarnaby-valkommen-till-ingemarbacken\/#primaryimage\"},\"thumbnailUrl\":\"https:\/\/tarnabyalpint.se\/wp-content\/uploads\/2023\/12\/Tarnabytomten-Ingemarbacken-Tarnaby-Alpint-Julafton-Jul-Skidakning-Friakning-Tarnaby-Alpint-webb-ver2-scaled.jpg\",\"keywords\":[\"Caf\u00e9 T\u00e4rningen\",\"Ingemarbacken\",\"jul\",\"julhelg\",\"julafton\",\"T\u00e4rnabytomten\",\"tomten\",\"utf\u00f6rs\u00e5kning\"],\"articleSection\":[\"Aktuellt\"],\"inLanguage\":\"en-GB\"},{\"@type\":\"WebPage\",\"@id\":\"https:\/\/tarnabyalpint.se\/aktuellt\/fira-julafton-i-tarnaby-valkommen-till-ingemarbacken\/\",\"url\":\"https:\/\/tarnabyalpint.se\/aktuellt\/fira-julafton-i-tarnaby-valkommen-till-ingemarbacken\/\",\"name\":\"Fira julafton i T\u00e4rnaby \u2013 v\u00e4lkommen till Ingemarbacken - T\u00e4rnaby Alpint\",\"isPartOf\":{\"@id\":\"https:\/\/tarnabyalpint.se\/#website\"},\"primaryImageOfPage\":{\"@id\":\"https:\/\/tarnabyalpint.se\/aktuellt\/fira-julafton-i-tarnaby-valkommen-till-ingemarbacken\/#primaryimage\"},\"image\":{\"@id\":\"https:\/\/tarnabyalpint.se\/aktuellt\/fira-julafton-i-tarnaby-valkommen-till-ingemarbacken\/#primaryimage\"},\"thumbnailUrl\":\"https:\/\/tarnabyalpint.se\/wp-content\/uploads\/2023\/12\/Tarnabytomten-Ingemarbacken-Tarnaby-Alpint-Julafton-Jul-Skidakning-Friakning-Tarnaby-Alpint-webb-ver2-scaled.jpg\",\"datePublished\":\"2023-12-16T13:19:42+00:00\",\"dateModified\":\"2023-12-20T14:58:11+00:00\",\"inLanguage\":\"en-GB\",\"potentialAction\":[{\"@type\":\"ReadAction\",\"target\":[\"https:\/\/tarnabyalpint.se\/aktuellt\/fira-julafton-i-tarnaby-valkommen-till-ingemarbacken\/\"]}]},{\"@type\":\"ImageObject\",\"inLanguage\":\"en-GB\",\"@id\":\"https:\/\/tarnabyalpint.se\/aktuellt\/fira-julafton-i-tarnaby-valkommen-till-ingemarbacken\/#primaryimage\",\"url\":\"https:\/\/tarnabyalpint.se\/wp-content\/uploads\/2023\/12\/Tarnabytomten-Ingemarbacken-Tarnaby-Alpint-Julafton-Jul-Skidakning-Friakning-Tarnaby-Alpint-webb-ver2-scaled.jpg\",\"contentUrl\":\"https:\/\/tarnabyalpint.se\/wp-content\/uploads\/2023\/12\/Tarnabytomten-Ingemarbacken-Tarnaby-Alpint-Julafton-Jul-Skidakning-Friakning-Tarnaby-Alpint-webb-ver2-scaled.jpg\",\"width\":2560,\"height\":1707,\"caption\":\"T\u00e4rnabytomten Ingemarbacken T\u00e4rnaby Alpint Julafton Jul Skid\u00e5kning Fri\u00e5kning T\u00e4rnaby Alpint webb ver2\"},{\"@type\":\"WebSite\",\"@id\":\"https:\/\/tarnabyalpint.se\/#website\",\"url\":\"https:\/\/tarnabyalpint.se\/\",\"name\":\"T\u00e4rnaby Alpint\",\"description\":\"En till WordPress-webbplats\",\"publisher\":{\"@id\":\"https:\/\/tarnabyalpint.se\/#organization\"},\"potentialAction\":[{\"@type\":\"SearchAction\",\"target\":{\"@type\":\"EntryPoint\",\"urlTemplate\":\"https:\/\/tarnabyalpint.se\/?s={search_term_string}\"},\"query-input\":{\"@type\":\"PropertyValueSpecification\",\"valueRequired\":true,\"valueName\":\"search_term_string\"}}],\"inLanguage\":\"en-GB\"},{\"@type\":\"Organization\",\"@id\":\"https:\/\/tarnabyalpint.se\/#organization\",\"name\":\"T\u00e4rnaby Alpint\",\"url\":\"https:\/\/tarnabyalpint.se\/\",\"logo\":{\"@type\":\"ImageObject\",\"inLanguage\":\"en-GB\",\"@id\":\"https:\/\/tarnabyalpint.se\/#\/schema\/logo\/image\/\",\"url\":\"https:\/\/tarnabyalpint.se\/wp-content\/uploads\/2022\/08\/tarnaby-alpint-white-blue-logo.jpg\",\"contentUrl\":\"https:\/\/tarnabyalpint.se\/wp-content\/uploads\/2022\/08\/tarnaby-alpint-white-blue-logo.jpg\",\"width\":900,\"height\":610,\"caption\":\"T\u00e4rnaby Alpint\"},\"image\":{\"@id\":\"https:\/\/tarnabyalpint.se\/#\/schema\/logo\/image\/\"},\"sameAs\":[\"https:\/\/www.facebook.com\/profile.php?id=100063492703007\"]},{\"@type\":\"Person\",\"@id\":\"https:\/\/tarnabyalpint.se\/#\/schema\/person\/77057fdadc9298a25d2bea0dc6f26157\",\"name\":\"ur-admin\",\"image\":{\"@type\":\"ImageObject\",\"inLanguage\":\"en-GB\",\"@id\":\"https:\/\/tarnabyalpint.se\/wp-content\/litespeed\/avatar\/f38d2bf85aaec3f9d5388536292cf810.jpg?ver=1777478888\",\"url\":\"https:\/\/tarnabyalpint.se\/wp-content\/litespeed\/avatar\/f38d2bf85aaec3f9d5388536292cf810.jpg?ver=1777478888\",\"contentUrl\":\"https:\/\/tarnabyalpint.se\/wp-content\/litespeed\/avatar\/f38d2bf85aaec3f9d5388536292cf810.jpg?ver=1777478888\",\"caption\":\"ur-admin\"},\"sameAs\":[\"https:\/\/tarnabyalpint.se\"]}]}<\/script>\n<!-- \/ Yoast SEO plugin. -->","yoast_head_json":{"title":"Celebrate Christmas Eve in T\u00e4rnaby - welcome to Ingemarbacken - T\u00e4rnaby Alpint","robots":{"index":"index","follow":"follow","max-snippet":"max-snippet:-1","max-image-preview":"max-image-preview:large","max-video-preview":"max-video-preview:-1"},"canonical":"https:\/\/tarnabyalpint.se\/en\/topical\/celebrate-christmas-eve-in-tarnaby-welcome-to-ingemarbacken\/","og_locale":"en_GB","og_type":"article","og_title":"Fira julafton i T\u00e4rnaby \u2013 v\u00e4lkommen till Ingemarbacken - T\u00e4rnaby Alpint","og_description":"Alla \u00e4r varmt v\u00e4lkomna till att starta julafton hos oss i Ingemarbacken. Kom med eller utan skidor. Julaftonspriser!\u00a0200 kr f\u00f6r [&hellip;]","og_url":"https:\/\/tarnabyalpint.se\/en\/topical\/celebrate-christmas-eve-in-tarnaby-welcome-to-ingemarbacken\/","og_site_name":"T\u00e4rnaby Alpint","article_publisher":"https:\/\/www.facebook.com\/profile.php?id=100063492703007","article_published_time":"2023-12-16T13:19:42+00:00","article_modified_time":"2023-12-20T14:58:11+00:00","og_image":[{"width":2560,"height":1707,"url":"https:\/\/tarnabyalpint.se\/wp-content\/uploads\/2023\/12\/Tarnabytomten-Ingemarbacken-Tarnaby-Alpint-Julafton-Jul-Skidakning-Friakning-Tarnaby-Alpint-webb-ver2-scaled.jpg","type":"image\/jpeg"}],"author":"ur-admin","twitter_card":"summary_large_image","twitter_misc":{"Written by":"ur-admin","Estimated reading time":"1 minute"},"schema":{"@context":"https:\/\/schema.org","@graph":[{"@type":"Article","@id":"https:\/\/tarnabyalpint.se\/aktuellt\/fira-julafton-i-tarnaby-valkommen-till-ingemarbacken\/#article","isPartOf":{"@id":"https:\/\/tarnabyalpint.se\/aktuellt\/fira-julafton-i-tarnaby-valkommen-till-ingemarbacken\/"},"author":{"name":"ur-admin","@id":"https:\/\/tarnabyalpint.se\/#\/schema\/person\/77057fdadc9298a25d2bea0dc6f26157"},"headline":"Fira julafton i T\u00e4rnaby \u2013 v\u00e4lkommen till Ingemarbacken","datePublished":"2023-12-16T13:19:42+00:00","dateModified":"2023-12-20T14:58:11+00:00","mainEntityOfPage":{"@id":"https:\/\/tarnabyalpint.se\/aktuellt\/fira-julafton-i-tarnaby-valkommen-till-ingemarbacken\/"},"wordCount":107,"publisher":{"@id":"https:\/\/tarnabyalpint.se\/#organization"},"image":{"@id":"https:\/\/tarnabyalpint.se\/aktuellt\/fira-julafton-i-tarnaby-valkommen-till-ingemarbacken\/#primaryimage"},"thumbnailUrl":"https:\/\/tarnabyalpint.se\/wp-content\/uploads\/2023\/12\/Tarnabytomten-Ingemarbacken-Tarnaby-Alpint-Julafton-Jul-Skidakning-Friakning-Tarnaby-Alpint-webb-ver2-scaled.jpg","keywords":["Caf\u00e9 T\u00e4rningen","Ingemarbacken","jul","julhelg","julafton","T\u00e4rnabytomten","tomten","utf\u00f6rs\u00e5kning"],"articleSection":["Aktuellt"],"inLanguage":"en-GB"},{"@type":"WebPage","@id":"https:\/\/tarnabyalpint.se\/aktuellt\/fira-julafton-i-tarnaby-valkommen-till-ingemarbacken\/","url":"https:\/\/tarnabyalpint.se\/aktuellt\/fira-julafton-i-tarnaby-valkommen-till-ingemarbacken\/","name":"Celebrate Christmas Eve in T\u00e4rnaby - welcome to Ingemarbacken - T\u00e4rnaby Alpint","isPartOf":{"@id":"https:\/\/tarnabyalpint.se\/#website"},"primaryImageOfPage":{"@id":"https:\/\/tarnabyalpint.se\/aktuellt\/fira-julafton-i-tarnaby-valkommen-till-ingemarbacken\/#primaryimage"},"image":{"@id":"https:\/\/tarnabyalpint.se\/aktuellt\/fira-julafton-i-tarnaby-valkommen-till-ingemarbacken\/#primaryimage"},"thumbnailUrl":"https:\/\/tarnabyalpint.se\/wp-content\/uploads\/2023\/12\/Tarnabytomten-Ingemarbacken-Tarnaby-Alpint-Julafton-Jul-Skidakning-Friakning-Tarnaby-Alpint-webb-ver2-scaled.jpg","datePublished":"2023-12-16T13:19:42+00:00","dateModified":"2023-12-20T14:58:11+00:00","inLanguage":"en-GB","potentialAction":[{"@type":"ReadAction","target":["https:\/\/tarnabyalpint.se\/aktuellt\/fira-julafton-i-tarnaby-valkommen-till-ingemarbacken\/"]}]},{"@type":"ImageObject","inLanguage":"en-GB","@id":"https:\/\/tarnabyalpint.se\/aktuellt\/fira-julafton-i-tarnaby-valkommen-till-ingemarbacken\/#primaryimage","url":"https:\/\/tarnabyalpint.se\/wp-content\/uploads\/2023\/12\/Tarnabytomten-Ingemarbacken-Tarnaby-Alpint-Julafton-Jul-Skidakning-Friakning-Tarnaby-Alpint-webb-ver2-scaled.jpg","contentUrl":"https:\/\/tarnabyalpint.se\/wp-content\/uploads\/2023\/12\/Tarnabytomten-Ingemarbacken-Tarnaby-Alpint-Julafton-Jul-Skidakning-Friakning-Tarnaby-Alpint-webb-ver2-scaled.jpg","width":2560,"height":1707,"caption":"T\u00e4rnabytomten Ingemarbacken T\u00e4rnaby Alpint Julafton Jul Skid\u00e5kning Fri\u00e5kning T\u00e4rnaby Alpint webb ver2"},{"@type":"WebSite","@id":"https:\/\/tarnabyalpint.se\/#website","url":"https:\/\/tarnabyalpint.se\/","name":"T\u00e4rnaby Alpine Skiing","description":"Another WordPress website","publisher":{"@id":"https:\/\/tarnabyalpint.se\/#organization"},"potentialAction":[{"@type":"SearchAction","target":{"@type":"EntryPoint","urlTemplate":"https:\/\/tarnabyalpint.se\/?s={search_term_string}"},"query-input":{"@type":"PropertyValueSpecification","valueRequired":true,"valueName":"search_term_string"}}],"inLanguage":"en-GB"},{"@type":"Organization","@id":"https:\/\/tarnabyalpint.se\/#organization","name":"T\u00e4rnaby Alpine Skiing","url":"https:\/\/tarnabyalpint.se\/","logo":{"@type":"ImageObject","inLanguage":"en-GB","@id":"https:\/\/tarnabyalpint.se\/#\/schema\/logo\/image\/","url":"https:\/\/tarnabyalpint.se\/wp-content\/uploads\/2022\/08\/tarnaby-alpint-white-blue-logo.jpg","contentUrl":"https:\/\/tarnabyalpint.se\/wp-content\/uploads\/2022\/08\/tarnaby-alpint-white-blue-logo.jpg","width":900,"height":610,"caption":"T\u00e4rnaby Alpint"},"image":{"@id":"https:\/\/tarnabyalpint.se\/#\/schema\/logo\/image\/"},"sameAs":["https:\/\/www.facebook.com\/profile.php?id=100063492703007"]},{"@type":"Person","@id":"https:\/\/tarnabyalpint.se\/#\/schema\/person\/77057fdadc9298a25d2bea0dc6f26157","name":"ur-admin","image":{"@type":"ImageObject","inLanguage":"en-GB","@id":"https:\/\/tarnabyalpint.se\/wp-content\/litespeed\/avatar\/f38d2bf85aaec3f9d5388536292cf810.jpg?ver=1777478888","url":"https:\/\/tarnabyalpint.se\/wp-content\/litespeed\/avatar\/f38d2bf85aaec3f9d5388536292cf810.jpg?ver=1777478888","contentUrl":"https:\/\/tarnabyalpint.se\/wp-content\/litespeed\/avatar\/f38d2bf85aaec3f9d5388536292cf810.jpg?ver=1777478888","caption":"ur-admin"},"sameAs":["https:\/\/tarnabyalpint.se"]}]}},"_links":{"self":[{"href":"https:\/\/tarnabyalpint.se\/en\/wp-json\/wp\/v2\/posts\/3028","targetHints":{"allow":["GET"]}}],"collection":[{"href":"https:\/\/tarnabyalpint.se\/en\/wp-json\/wp\/v2\/posts"}],"about":[{"href":"https:\/\/tarnabyalpint.se\/en\/wp-json\/wp\/v2\/types\/post"}],"author":[{"embeddable":true,"href":"https:\/\/tarnabyalpint.se\/en\/wp-json\/wp\/v2\/users\/1"}],"replies":[{"embeddable":true,"href":"https:\/\/tarnabyalpint.se\/en\/wp-json\/wp\/v2\/comments?post=3028"}],"version-history":[{"count":6,"href":"https:\/\/tarnabyalpint.se\/en\/wp-json\/wp\/v2\/posts\/3028\/revisions"}],"predecessor-version":[{"id":3070,"href":"https:\/\/tarnabyalpint.se\/en\/wp-json\/wp\/v2\/posts\/3028\/revisions\/3070"}],"wp:featuredmedia":[{"embeddable":true,"href":"https:\/\/tarnabyalpint.se\/en\/wp-json\/wp\/v2\/media\/3071"}],"wp:attachment":[{"href":"https:\/\/tarnabyalpint.se\/en\/wp-json\/wp\/v2\/media?parent=3028"}],"wp:term":[{"taxonomy":"category","embeddable":true,"href":"https:\/\/tarnabyalpint.se\/en\/wp-json\/wp\/v2\/categories?post=3028"},{"taxonomy":"post_tag","embeddable":true,"href":"https:\/\/tarnabyalpint.se\/en\/wp-json\/wp\/v2\/tags?post=3028"}],"curies":[{"name":"wp","href":"https:\/\/api.w.org\/{rel}","templated":true}]}}