{"id":2969,"date":"2023-10-11T11:56:10","date_gmt":"2023-10-11T09:56:10","guid":{"rendered":"https:\/\/tarnabyalpint.se\/?p=2969"},"modified":"2023-10-11T11:56:10","modified_gmt":"2023-10-11T09:56:10","slug":"the-seasons-premiere-is-approaching","status":"publish","type":"post","link":"https:\/\/tarnabyalpint.se\/en\/aktuellt\/sasongspremiaren-narmar-sig\/","title":{"rendered":"The season premiere is approaching"},"content":{"rendered":"<div class=\"wpb-content-wrapper\"><div data-parent=\"true\" class=\"vc_row row-container\" id=\"row-unique-0\"><div class=\"row single-top-padding single-bottom-padding no-h-padding limit-width row-parent\"><div class=\"wpb_row row-inner\"><div class=\"wpb_column pos-top pos-left align_left column_parent col-lg-12 single-internal-gutter\"><div class=\"uncol style-light\"  ><div class=\"uncoltable\"><div class=\"uncell no-block-padding\" ><div class=\"uncont\" ><div class=\"uncode_text_column\" ><p><strong>Soon it will be time to go skiing again in T\u00e4rnaby. We will start the snowmaking as soon as the weather permits and our goal is to be up and running as early as possible.<\/strong><\/p>\n<p>We have updated our snow system again this year to facilitate snowmaking, we cut and clear our slopes so that we can be as fast and efficient as possible in snowmaking.<\/p>\n<p>This year we start as usual with snowmaking on Ingemarbacken and the children's slope.<\/p>\n<p>We look forward to when we can press the button and start laying snow so that skiing starts in T\u00e4rnaby for all you skiers.<\/p>\n<h3>See you in T\u00e4rnaby!<\/h3>\n<p>\n<\/div><div class=\"vc_row row-internal row-container\"><div class=\"row row-child\"><div class=\"wpb_row row-inner\"><div class=\"wpb_column pos-top pos-left align_left column_child col-lg-12 single-internal-gutter\"><div class=\"uncol style-light\" ><div class=\"uncoltable\"><div class=\"uncell no-block-padding  unradius-std\" ><div class=\"uncont\" ><div class=\"uncode-single-media  text-left\"><div class=\"single-wrapper\" style=\"max-width: 70%;\"><div class=\"tmb tmb-light  img-round tmb-media-first tmb-media-last tmb-content-overlay tmb-no-bg\"><div class=\"t-inside\"><div class=\"t-entry-visual\"><div class=\"t-entry-visual-tc\"><div class=\"uncode-single-media-wrapper img-round\"><img decoding=\"async\" class=\"wp-image-2360\" src=\"https:\/\/tarnabyalpint.se\/wp-content\/uploads\/2022\/09\/Liftkort-Sasongskort-Tarnaby-Alpint-Familj-1-scaled.jpg\" width=\"2560\" height=\"1707\" alt=\"Lift pass Sasongskort Tarnaby Alpint Familj 1\" srcset=\"https:\/\/tarnabyalpint.se\/wp-content\/uploads\/2022\/09\/Liftkort-Sasongskort-Tarnaby-Alpint-Familj-1-scaled.jpg 2560w, https:\/\/tarnabyalpint.se\/wp-content\/uploads\/2022\/09\/Liftkort-Sasongskort-Tarnaby-Alpint-Familj-1-600x400.jpg 600w, https:\/\/tarnabyalpint.se\/wp-content\/uploads\/2022\/09\/Liftkort-Sasongskort-Tarnaby-Alpint-Familj-1-1400x933.jpg 1400w, https:\/\/tarnabyalpint.se\/wp-content\/uploads\/2022\/09\/Liftkort-Sasongskort-Tarnaby-Alpint-Familj-1-768x512.jpg 768w, https:\/\/tarnabyalpint.se\/wp-content\/uploads\/2022\/09\/Liftkort-Sasongskort-Tarnaby-Alpint-Familj-1-1536x1024.jpg 1536w, https:\/\/tarnabyalpint.se\/wp-content\/uploads\/2022\/09\/Liftkort-Sasongskort-Tarnaby-Alpint-Familj-1-2048x1365.jpg 2048w\" sizes=\"(max-width: 2560px) 100vw, 2560px\" \/><\/div>\n\t\t\t\t\t<\/div>\n\t\t\t\t<\/div><\/div><\/div><\/div><\/div><\/div><\/div><\/div><\/div><\/div><\/div><\/div><\/div><div class=\"uncode_text_column\" ><\/p>\n<h3>Tips for travellers! Book accommodation!<\/h3>\n<p>Here on our website you will find various good options for your stay here in T\u00e4rnaby.<\/p>\n<p><strong><a href=\"https:\/\/tarnabyalpint.se\/en\/accommodation\/\">Click here for more information...<\/a><\/strong><\/p>\n<\/div><\/div><\/div><\/div><\/div><\/div><script id=\"script-row-unique-0\" data-row=\"script-row-unique-0\" type=\"text\/javascript\" class=\"vc_controls\">UNCODE.initRow(document.getElementById(\"row-unique-0\"));<\/script><\/div><\/div><\/div>\n<\/div>","protected":false},"excerpt":{"rendered":"<p>Soon it will be time to go skiing again in T\u00e4rnaby. We will start the snowmaking as soon as the weather permits and our goal is to be up and running as early as possible.<\/p>","protected":false},"author":1,"featured_media":2125,"comment_status":"closed","ping_status":"closed","sticky":false,"template":"","format":"standard","meta":{"_acf_changed":false,"footnotes":""},"categories":[31],"tags":[53,54,55,56,57,58,59,60,61,62],"class_list":["post-2969","post","type-post","status-publish","format-standard","has-post-thumbnail","hentry","category-aktuellt","tag-liftkort","tag-sasongskort","tag-skidakning","tag-hemavan","tag-tarnaby","tag-skidsystem","tag-liftsystem","tag-premiar","tag-sasongspremiar","tag-ingemarbacken"],"acf":[],"yoast_head":"<!-- This site is optimized with the Yoast SEO plugin v27.2 - https:\/\/yoast.com\/product\/yoast-seo-wordpress\/ -->\n<title>S\u00e4songspremi\u00e4ren n\u00e4rmar sig - T\u00e4rnaby Alpint<\/title>\n<meta name=\"robots\" content=\"index, follow, max-snippet:-1, max-image-preview:large, max-video-preview:-1\" \/>\n<link rel=\"canonical\" href=\"https:\/\/tarnabyalpint.se\/en\/topical\/the-seasons-premiere-is-approaching\/\" \/>\n<meta property=\"og:locale\" content=\"en_GB\" \/>\n<meta property=\"og:type\" content=\"article\" \/>\n<meta property=\"og:title\" content=\"S\u00e4songspremi\u00e4ren n\u00e4rmar sig - T\u00e4rnaby Alpint\" \/>\n<meta property=\"og:description\" content=\"Snart \u00e4r det dags igen att \u00e5ka skidor i T\u00e4rnaby. Vi kommer att starta sn\u00f6l\u00e4ggningen s\u00e5 snabbt v\u00e4dret bara till\u00e5ter och v\u00e5r m\u00e5ls\u00e4ttning \u00e4r att vara ig\u00e5ng s\u00e5 tidigt som det bara \u00e4r m\u00f6jligt.\" \/>\n<meta property=\"og:url\" content=\"https:\/\/tarnabyalpint.se\/en\/topical\/the-seasons-premiere-is-approaching\/\" \/>\n<meta property=\"og:site_name\" content=\"T\u00e4rnaby Alpint\" \/>\n<meta property=\"article:publisher\" content=\"https:\/\/www.facebook.com\/profile.php?id=100063492703007\" \/>\n<meta property=\"article:published_time\" content=\"2023-10-11T09:56:10+00:00\" \/>\n<meta property=\"og:image\" content=\"https:\/\/tarnabyalpint.se\/wp-content\/uploads\/2022\/06\/Tarnaby-Utforsakning-Alpint-Nedfart-Ingemarbacken-Nypistad-Pist-3-scaled.jpg\" \/>\n\t<meta property=\"og:image:width\" content=\"2560\" \/>\n\t<meta property=\"og:image:height\" content=\"1455\" \/>\n\t<meta property=\"og:image:type\" content=\"image\/jpeg\" \/>\n<meta name=\"author\" content=\"ur-admin\" \/>\n<meta name=\"twitter:card\" content=\"summary_large_image\" \/>\n<meta name=\"twitter:label1\" content=\"Written by\" \/>\n\t<meta name=\"twitter:data1\" content=\"ur-admin\" \/>\n\t<meta name=\"twitter:label2\" content=\"Estimated reading time\" \/>\n\t<meta name=\"twitter:data2\" content=\"1 minute\" \/>\n<script type=\"application\/ld+json\" class=\"yoast-schema-graph\">{\"@context\":\"https:\/\/schema.org\",\"@graph\":[{\"@type\":\"Article\",\"@id\":\"https:\/\/tarnabyalpint.se\/aktuellt\/sasongspremiaren-narmar-sig\/#article\",\"isPartOf\":{\"@id\":\"https:\/\/tarnabyalpint.se\/aktuellt\/sasongspremiaren-narmar-sig\/\"},\"author\":{\"name\":\"ur-admin\",\"@id\":\"https:\/\/tarnabyalpint.se\/#\/schema\/person\/77057fdadc9298a25d2bea0dc6f26157\"},\"headline\":\"S\u00e4songspremi\u00e4ren n\u00e4rmar sig\",\"datePublished\":\"2023-10-11T09:56:10+00:00\",\"mainEntityOfPage\":{\"@id\":\"https:\/\/tarnabyalpint.se\/aktuellt\/sasongspremiaren-narmar-sig\/\"},\"wordCount\":308,\"publisher\":{\"@id\":\"https:\/\/tarnabyalpint.se\/#organization\"},\"image\":{\"@id\":\"https:\/\/tarnabyalpint.se\/aktuellt\/sasongspremiaren-narmar-sig\/#primaryimage\"},\"thumbnailUrl\":\"https:\/\/tarnabyalpint.se\/wp-content\/uploads\/2022\/06\/Tarnaby-Utforsakning-Alpint-Nedfart-Ingemarbacken-Nypistad-Pist-3-scaled.jpg\",\"keywords\":[\"liftkort\",\"s\u00e4songskort\",\"skid\u00e5kning\",\"Hemavan\",\"T\u00e4rnaby\",\"skidsystem\",\"liftsystem\",\"premi\u00e4r\",\"s\u00e4songspremi\u00e4r\",\"Ingemarbacken\"],\"articleSection\":[\"Aktuellt\"],\"inLanguage\":\"en-GB\"},{\"@type\":\"WebPage\",\"@id\":\"https:\/\/tarnabyalpint.se\/aktuellt\/sasongspremiaren-narmar-sig\/\",\"url\":\"https:\/\/tarnabyalpint.se\/aktuellt\/sasongspremiaren-narmar-sig\/\",\"name\":\"S\u00e4songspremi\u00e4ren n\u00e4rmar sig - T\u00e4rnaby Alpint\",\"isPartOf\":{\"@id\":\"https:\/\/tarnabyalpint.se\/#website\"},\"primaryImageOfPage\":{\"@id\":\"https:\/\/tarnabyalpint.se\/aktuellt\/sasongspremiaren-narmar-sig\/#primaryimage\"},\"image\":{\"@id\":\"https:\/\/tarnabyalpint.se\/aktuellt\/sasongspremiaren-narmar-sig\/#primaryimage\"},\"thumbnailUrl\":\"https:\/\/tarnabyalpint.se\/wp-content\/uploads\/2022\/06\/Tarnaby-Utforsakning-Alpint-Nedfart-Ingemarbacken-Nypistad-Pist-3-scaled.jpg\",\"datePublished\":\"2023-10-11T09:56:10+00:00\",\"inLanguage\":\"en-GB\",\"potentialAction\":[{\"@type\":\"ReadAction\",\"target\":[\"https:\/\/tarnabyalpint.se\/aktuellt\/sasongspremiaren-narmar-sig\/\"]}]},{\"@type\":\"ImageObject\",\"inLanguage\":\"en-GB\",\"@id\":\"https:\/\/tarnabyalpint.se\/aktuellt\/sasongspremiaren-narmar-sig\/#primaryimage\",\"url\":\"https:\/\/tarnabyalpint.se\/wp-content\/uploads\/2022\/06\/Tarnaby-Utforsakning-Alpint-Nedfart-Ingemarbacken-Nypistad-Pist-3-scaled.jpg\",\"contentUrl\":\"https:\/\/tarnabyalpint.se\/wp-content\/uploads\/2022\/06\/Tarnaby-Utforsakning-Alpint-Nedfart-Ingemarbacken-Nypistad-Pist-3-scaled.jpg\",\"width\":2560,\"height\":1455,\"caption\":\"Tarnaby Utforsakning Alpint Nedfart Ingemarbacken Nypistad Pist 3\"},{\"@type\":\"WebSite\",\"@id\":\"https:\/\/tarnabyalpint.se\/#website\",\"url\":\"https:\/\/tarnabyalpint.se\/\",\"name\":\"T\u00e4rnaby Alpint\",\"description\":\"En till WordPress-webbplats\",\"publisher\":{\"@id\":\"https:\/\/tarnabyalpint.se\/#organization\"},\"potentialAction\":[{\"@type\":\"SearchAction\",\"target\":{\"@type\":\"EntryPoint\",\"urlTemplate\":\"https:\/\/tarnabyalpint.se\/?s={search_term_string}\"},\"query-input\":{\"@type\":\"PropertyValueSpecification\",\"valueRequired\":true,\"valueName\":\"search_term_string\"}}],\"inLanguage\":\"en-GB\"},{\"@type\":\"Organization\",\"@id\":\"https:\/\/tarnabyalpint.se\/#organization\",\"name\":\"T\u00e4rnaby Alpint\",\"url\":\"https:\/\/tarnabyalpint.se\/\",\"logo\":{\"@type\":\"ImageObject\",\"inLanguage\":\"en-GB\",\"@id\":\"https:\/\/tarnabyalpint.se\/#\/schema\/logo\/image\/\",\"url\":\"https:\/\/tarnabyalpint.se\/wp-content\/uploads\/2022\/08\/tarnaby-alpint-white-blue-logo.jpg\",\"contentUrl\":\"https:\/\/tarnabyalpint.se\/wp-content\/uploads\/2022\/08\/tarnaby-alpint-white-blue-logo.jpg\",\"width\":900,\"height\":610,\"caption\":\"T\u00e4rnaby Alpint\"},\"image\":{\"@id\":\"https:\/\/tarnabyalpint.se\/#\/schema\/logo\/image\/\"},\"sameAs\":[\"https:\/\/www.facebook.com\/profile.php?id=100063492703007\"]},{\"@type\":\"Person\",\"@id\":\"https:\/\/tarnabyalpint.se\/#\/schema\/person\/77057fdadc9298a25d2bea0dc6f26157\",\"name\":\"ur-admin\",\"image\":{\"@type\":\"ImageObject\",\"inLanguage\":\"en-GB\",\"@id\":\"https:\/\/tarnabyalpint.se\/wp-content\/litespeed\/avatar\/f38d2bf85aaec3f9d5388536292cf810.jpg?ver=1776873972\",\"url\":\"https:\/\/tarnabyalpint.se\/wp-content\/litespeed\/avatar\/f38d2bf85aaec3f9d5388536292cf810.jpg?ver=1776873972\",\"contentUrl\":\"https:\/\/tarnabyalpint.se\/wp-content\/litespeed\/avatar\/f38d2bf85aaec3f9d5388536292cf810.jpg?ver=1776873972\",\"caption\":\"ur-admin\"},\"sameAs\":[\"https:\/\/tarnabyalpint.se\"]}]}<\/script>\n<!-- \/ Yoast SEO plugin. -->","yoast_head_json":{"title":"The season premiere is approaching - T\u00e4rnaby Alpint","robots":{"index":"index","follow":"follow","max-snippet":"max-snippet:-1","max-image-preview":"max-image-preview:large","max-video-preview":"max-video-preview:-1"},"canonical":"https:\/\/tarnabyalpint.se\/en\/topical\/the-seasons-premiere-is-approaching\/","og_locale":"en_GB","og_type":"article","og_title":"S\u00e4songspremi\u00e4ren n\u00e4rmar sig - T\u00e4rnaby Alpint","og_description":"Snart \u00e4r det dags igen att \u00e5ka skidor i T\u00e4rnaby. Vi kommer att starta sn\u00f6l\u00e4ggningen s\u00e5 snabbt v\u00e4dret bara till\u00e5ter och v\u00e5r m\u00e5ls\u00e4ttning \u00e4r att vara ig\u00e5ng s\u00e5 tidigt som det bara \u00e4r m\u00f6jligt.","og_url":"https:\/\/tarnabyalpint.se\/en\/topical\/the-seasons-premiere-is-approaching\/","og_site_name":"T\u00e4rnaby Alpint","article_publisher":"https:\/\/www.facebook.com\/profile.php?id=100063492703007","article_published_time":"2023-10-11T09:56:10+00:00","og_image":[{"width":2560,"height":1455,"url":"https:\/\/tarnabyalpint.se\/wp-content\/uploads\/2022\/06\/Tarnaby-Utforsakning-Alpint-Nedfart-Ingemarbacken-Nypistad-Pist-3-scaled.jpg","type":"image\/jpeg"}],"author":"ur-admin","twitter_card":"summary_large_image","twitter_misc":{"Written by":"ur-admin","Estimated reading time":"1 minute"},"schema":{"@context":"https:\/\/schema.org","@graph":[{"@type":"Article","@id":"https:\/\/tarnabyalpint.se\/aktuellt\/sasongspremiaren-narmar-sig\/#article","isPartOf":{"@id":"https:\/\/tarnabyalpint.se\/aktuellt\/sasongspremiaren-narmar-sig\/"},"author":{"name":"ur-admin","@id":"https:\/\/tarnabyalpint.se\/#\/schema\/person\/77057fdadc9298a25d2bea0dc6f26157"},"headline":"S\u00e4songspremi\u00e4ren n\u00e4rmar sig","datePublished":"2023-10-11T09:56:10+00:00","mainEntityOfPage":{"@id":"https:\/\/tarnabyalpint.se\/aktuellt\/sasongspremiaren-narmar-sig\/"},"wordCount":308,"publisher":{"@id":"https:\/\/tarnabyalpint.se\/#organization"},"image":{"@id":"https:\/\/tarnabyalpint.se\/aktuellt\/sasongspremiaren-narmar-sig\/#primaryimage"},"thumbnailUrl":"https:\/\/tarnabyalpint.se\/wp-content\/uploads\/2022\/06\/Tarnaby-Utforsakning-Alpint-Nedfart-Ingemarbacken-Nypistad-Pist-3-scaled.jpg","keywords":["liftkort","s\u00e4songskort","skid\u00e5kning","Hemavan","T\u00e4rnaby","skidsystem","liftsystem","premi\u00e4r","s\u00e4songspremi\u00e4r","Ingemarbacken"],"articleSection":["Aktuellt"],"inLanguage":"en-GB"},{"@type":"WebPage","@id":"https:\/\/tarnabyalpint.se\/aktuellt\/sasongspremiaren-narmar-sig\/","url":"https:\/\/tarnabyalpint.se\/aktuellt\/sasongspremiaren-narmar-sig\/","name":"The season premiere is approaching - T\u00e4rnaby Alpint","isPartOf":{"@id":"https:\/\/tarnabyalpint.se\/#website"},"primaryImageOfPage":{"@id":"https:\/\/tarnabyalpint.se\/aktuellt\/sasongspremiaren-narmar-sig\/#primaryimage"},"image":{"@id":"https:\/\/tarnabyalpint.se\/aktuellt\/sasongspremiaren-narmar-sig\/#primaryimage"},"thumbnailUrl":"https:\/\/tarnabyalpint.se\/wp-content\/uploads\/2022\/06\/Tarnaby-Utforsakning-Alpint-Nedfart-Ingemarbacken-Nypistad-Pist-3-scaled.jpg","datePublished":"2023-10-11T09:56:10+00:00","inLanguage":"en-GB","potentialAction":[{"@type":"ReadAction","target":["https:\/\/tarnabyalpint.se\/aktuellt\/sasongspremiaren-narmar-sig\/"]}]},{"@type":"ImageObject","inLanguage":"en-GB","@id":"https:\/\/tarnabyalpint.se\/aktuellt\/sasongspremiaren-narmar-sig\/#primaryimage","url":"https:\/\/tarnabyalpint.se\/wp-content\/uploads\/2022\/06\/Tarnaby-Utforsakning-Alpint-Nedfart-Ingemarbacken-Nypistad-Pist-3-scaled.jpg","contentUrl":"https:\/\/tarnabyalpint.se\/wp-content\/uploads\/2022\/06\/Tarnaby-Utforsakning-Alpint-Nedfart-Ingemarbacken-Nypistad-Pist-3-scaled.jpg","width":2560,"height":1455,"caption":"Tarnaby Utforsakning Alpint Nedfart Ingemarbacken Nypistad Pist 3"},{"@type":"WebSite","@id":"https:\/\/tarnabyalpint.se\/#website","url":"https:\/\/tarnabyalpint.se\/","name":"T\u00e4rnaby Alpine Skiing","description":"Another WordPress website","publisher":{"@id":"https:\/\/tarnabyalpint.se\/#organization"},"potentialAction":[{"@type":"SearchAction","target":{"@type":"EntryPoint","urlTemplate":"https:\/\/tarnabyalpint.se\/?s={search_term_string}"},"query-input":{"@type":"PropertyValueSpecification","valueRequired":true,"valueName":"search_term_string"}}],"inLanguage":"en-GB"},{"@type":"Organization","@id":"https:\/\/tarnabyalpint.se\/#organization","name":"T\u00e4rnaby Alpine Skiing","url":"https:\/\/tarnabyalpint.se\/","logo":{"@type":"ImageObject","inLanguage":"en-GB","@id":"https:\/\/tarnabyalpint.se\/#\/schema\/logo\/image\/","url":"https:\/\/tarnabyalpint.se\/wp-content\/uploads\/2022\/08\/tarnaby-alpint-white-blue-logo.jpg","contentUrl":"https:\/\/tarnabyalpint.se\/wp-content\/uploads\/2022\/08\/tarnaby-alpint-white-blue-logo.jpg","width":900,"height":610,"caption":"T\u00e4rnaby Alpint"},"image":{"@id":"https:\/\/tarnabyalpint.se\/#\/schema\/logo\/image\/"},"sameAs":["https:\/\/www.facebook.com\/profile.php?id=100063492703007"]},{"@type":"Person","@id":"https:\/\/tarnabyalpint.se\/#\/schema\/person\/77057fdadc9298a25d2bea0dc6f26157","name":"ur-admin","image":{"@type":"ImageObject","inLanguage":"en-GB","@id":"https:\/\/tarnabyalpint.se\/wp-content\/litespeed\/avatar\/f38d2bf85aaec3f9d5388536292cf810.jpg?ver=1776873972","url":"https:\/\/tarnabyalpint.se\/wp-content\/litespeed\/avatar\/f38d2bf85aaec3f9d5388536292cf810.jpg?ver=1776873972","contentUrl":"https:\/\/tarnabyalpint.se\/wp-content\/litespeed\/avatar\/f38d2bf85aaec3f9d5388536292cf810.jpg?ver=1776873972","caption":"ur-admin"},"sameAs":["https:\/\/tarnabyalpint.se"]}]}},"_links":{"self":[{"href":"https:\/\/tarnabyalpint.se\/en\/wp-json\/wp\/v2\/posts\/2969","targetHints":{"allow":["GET"]}}],"collection":[{"href":"https:\/\/tarnabyalpint.se\/en\/wp-json\/wp\/v2\/posts"}],"about":[{"href":"https:\/\/tarnabyalpint.se\/en\/wp-json\/wp\/v2\/types\/post"}],"author":[{"embeddable":true,"href":"https:\/\/tarnabyalpint.se\/en\/wp-json\/wp\/v2\/users\/1"}],"replies":[{"embeddable":true,"href":"https:\/\/tarnabyalpint.se\/en\/wp-json\/wp\/v2\/comments?post=2969"}],"version-history":[{"count":1,"href":"https:\/\/tarnabyalpint.se\/en\/wp-json\/wp\/v2\/posts\/2969\/revisions"}],"predecessor-version":[{"id":2970,"href":"https:\/\/tarnabyalpint.se\/en\/wp-json\/wp\/v2\/posts\/2969\/revisions\/2970"}],"wp:featuredmedia":[{"embeddable":true,"href":"https:\/\/tarnabyalpint.se\/en\/wp-json\/wp\/v2\/media\/2125"}],"wp:attachment":[{"href":"https:\/\/tarnabyalpint.se\/en\/wp-json\/wp\/v2\/media?parent=2969"}],"wp:term":[{"taxonomy":"category","embeddable":true,"href":"https:\/\/tarnabyalpint.se\/en\/wp-json\/wp\/v2\/categories?post=2969"},{"taxonomy":"post_tag","embeddable":true,"href":"https:\/\/tarnabyalpint.se\/en\/wp-json\/wp\/v2\/tags?post=2969"}],"curies":[{"name":"wp","href":"https:\/\/api.w.org\/{rel}","templated":true}]}}