{"id":2808,"date":"2023-04-03T10:56:15","date_gmt":"2023-04-03T08:56:15","guid":{"rendered":"https:\/\/tarnabyalpint.se\/?p=2808"},"modified":"2025-02-25T11:46:58","modified_gmt":"2025-02-25T10:46:58","slug":"good-friday-the-big-family-day","status":"publish","type":"post","link":"https:\/\/tarnabyalpint.se\/en\/aktuellt\/langfredag-den-stora-familjedagen\/","title":{"rendered":"Good Friday - the big family day"},"content":{"rendered":"<p><strong>Good Friday is the big family day at Linbanan and Monneliften.\u00a0<\/strong>It's a day out for the whole family with fun activities for everyone to enjoy.<\/p>\n<p><strong>10.00<\/strong> Ski with Fj\u00e4llvinden's mascot Loois the lynx, Fj\u00e4llvinden's mascot and children's favourite, visits Minimonne.<br \/>\n<strong>11.00<\/strong> Difference slalom! Take part in the most fun race of Easter. The whole family can join in and challenge each other. Registration from 10.30 am at the finish line.<br \/>\n<strong>13.00<\/strong> Premiere of the Ice Bar at the Sports Hotel.<br \/>\n<strong>14.00<\/strong> Children's apr\u00e8s-ski at the Sporthotel.<br \/>\n<strong>16.00<\/strong> Afterski with Zimmermans Cykelorkester, Sporthotellet.<br \/>\n<strong>19.30<\/strong> Hockey night in the Sports Bar, Sporthotellet.<\/p>\n<h4>A warm welcome to T\u00e4rnaby during Easter!<\/h4>\n<p><strong><a href=\"https:\/\/tarnabyalpint.se\/en\/tarnaby-calendar\/pass-mark\/\">The full Easter programme of activities and fun can be found here<\/a><\/strong> \u00bb<\/p>\n<p><strong>Thanks to <a href=\"https:\/\/fjallvinden.com\/foreningen\/loois-tarna-ik-fjallvindens-maskot\/\" target=\"_blank\" rel=\"noopener\">T\u00e4rna IK Fj\u00e4llvinden<\/a> for Loois coming to visit us on the slopes! \ud83d\ude42<\/strong><\/p>","protected":false},"excerpt":{"rendered":"<p>L\u00e5ngfredag \u00e4r det den stora familjedagen vid Linbanan och Monneliften.\u00a0H\u00e4r blir det en dag f\u00f6r hela familjen med roliga aktiviteter [&hellip;]<\/p>\n","protected":false},"author":1,"featured_media":2121,"comment_status":"closed","ping_status":"closed","sticky":false,"template":"","format":"standard","meta":{"_acf_changed":false,"footnotes":""},"categories":[31],"tags":[70,71,93,103,104,105,111,112],"class_list":["post-2808","post","type-post","status-publish","format-standard","has-post-thumbnail","hentry","category-aktuellt","tag-minimonne","tag-vaffelstugan","tag-linbanan","tag-pasklov","tag-pask","tag-familjedag","tag-sporthotellet","tag-pasken2023"],"acf":[],"yoast_head":"<!-- This site is optimized with the Yoast SEO plugin v27.2 - https:\/\/yoast.com\/product\/yoast-seo-wordpress\/ -->\n<title>L\u00e5ngfredag \u2013 den stora familjedagen - T\u00e4rnaby Alpint<\/title>\n<meta name=\"robots\" content=\"index, follow, max-snippet:-1, max-image-preview:large, max-video-preview:-1\" \/>\n<link rel=\"canonical\" href=\"https:\/\/tarnabyalpint.se\/en\/topical\/good-friday-the-big-family-day\/\" \/>\n<meta property=\"og:locale\" content=\"en_GB\" \/>\n<meta property=\"og:type\" content=\"article\" \/>\n<meta property=\"og:title\" content=\"L\u00e5ngfredag \u2013 den stora familjedagen - T\u00e4rnaby Alpint\" \/>\n<meta property=\"og:description\" content=\"L\u00e5ngfredag \u00e4r det den stora familjedagen vid Linbanan och Monneliften.\u00a0H\u00e4r blir det en dag f\u00f6r hela familjen med roliga aktiviteter [&hellip;]\" \/>\n<meta property=\"og:url\" content=\"https:\/\/tarnabyalpint.se\/en\/topical\/good-friday-the-big-family-day\/\" \/>\n<meta property=\"og:site_name\" content=\"T\u00e4rnaby Alpint\" \/>\n<meta property=\"article:publisher\" content=\"https:\/\/www.facebook.com\/profile.php?id=100063492703007\" \/>\n<meta property=\"article:published_time\" content=\"2023-04-03T08:56:15+00:00\" \/>\n<meta property=\"article:modified_time\" content=\"2025-02-25T10:46:58+00:00\" \/>\n<meta property=\"og:image\" content=\"https:\/\/tarnabyalpint.se\/wp-content\/uploads\/2022\/08\/Tarnaby-Utforsakning-Alpint-Slalom-Barn-Ungdom-Familj-Glad-Flicka-1-scaled-e1705661646664.jpg\" \/>\n\t<meta property=\"og:image:width\" content=\"2555\" \/>\n\t<meta property=\"og:image:height\" content=\"1706\" \/>\n\t<meta property=\"og:image:type\" content=\"image\/jpeg\" \/>\n<meta name=\"author\" content=\"ur-admin\" \/>\n<meta name=\"twitter:card\" content=\"summary_large_image\" \/>\n<meta name=\"twitter:label1\" content=\"Written by\" \/>\n\t<meta name=\"twitter:data1\" content=\"ur-admin\" \/>\n\t<meta name=\"twitter:label2\" content=\"Estimated reading time\" \/>\n\t<meta name=\"twitter:data2\" content=\"1 minute\" \/>\n<script type=\"application\/ld+json\" class=\"yoast-schema-graph\">{\"@context\":\"https:\/\/schema.org\",\"@graph\":[{\"@type\":\"Article\",\"@id\":\"https:\/\/tarnabyalpint.se\/aktuellt\/langfredag-den-stora-familjedagen\/#article\",\"isPartOf\":{\"@id\":\"https:\/\/tarnabyalpint.se\/aktuellt\/langfredag-den-stora-familjedagen\/\"},\"author\":{\"name\":\"ur-admin\",\"@id\":\"https:\/\/tarnabyalpint.se\/#\/schema\/person\/77057fdadc9298a25d2bea0dc6f26157\"},\"headline\":\"L\u00e5ngfredag \u2013 den stora familjedagen\",\"datePublished\":\"2023-04-03T08:56:15+00:00\",\"dateModified\":\"2025-02-25T10:46:58+00:00\",\"mainEntityOfPage\":{\"@id\":\"https:\/\/tarnabyalpint.se\/aktuellt\/langfredag-den-stora-familjedagen\/\"},\"wordCount\":136,\"publisher\":{\"@id\":\"https:\/\/tarnabyalpint.se\/#organization\"},\"image\":{\"@id\":\"https:\/\/tarnabyalpint.se\/aktuellt\/langfredag-den-stora-familjedagen\/#primaryimage\"},\"thumbnailUrl\":\"https:\/\/tarnabyalpint.se\/wp-content\/uploads\/2022\/08\/Tarnaby-Utforsakning-Alpint-Slalom-Barn-Ungdom-Familj-Glad-Flicka-1-scaled-e1705661646664.jpg\",\"keywords\":[\"Minimonne\",\"V\u00e5ffelstugan\",\"Linbanan\",\"P\u00e5sklov\",\"P\u00e5sk\",\"Familjedag\",\"Sporthotellet\",\"P\u00e5sken2023\"],\"articleSection\":[\"Aktuellt\"],\"inLanguage\":\"en-GB\"},{\"@type\":\"WebPage\",\"@id\":\"https:\/\/tarnabyalpint.se\/aktuellt\/langfredag-den-stora-familjedagen\/\",\"url\":\"https:\/\/tarnabyalpint.se\/aktuellt\/langfredag-den-stora-familjedagen\/\",\"name\":\"L\u00e5ngfredag \u2013 den stora familjedagen - T\u00e4rnaby Alpint\",\"isPartOf\":{\"@id\":\"https:\/\/tarnabyalpint.se\/#website\"},\"primaryImageOfPage\":{\"@id\":\"https:\/\/tarnabyalpint.se\/aktuellt\/langfredag-den-stora-familjedagen\/#primaryimage\"},\"image\":{\"@id\":\"https:\/\/tarnabyalpint.se\/aktuellt\/langfredag-den-stora-familjedagen\/#primaryimage\"},\"thumbnailUrl\":\"https:\/\/tarnabyalpint.se\/wp-content\/uploads\/2022\/08\/Tarnaby-Utforsakning-Alpint-Slalom-Barn-Ungdom-Familj-Glad-Flicka-1-scaled-e1705661646664.jpg\",\"datePublished\":\"2023-04-03T08:56:15+00:00\",\"dateModified\":\"2025-02-25T10:46:58+00:00\",\"inLanguage\":\"en-GB\",\"potentialAction\":[{\"@type\":\"ReadAction\",\"target\":[\"https:\/\/tarnabyalpint.se\/aktuellt\/langfredag-den-stora-familjedagen\/\"]}]},{\"@type\":\"ImageObject\",\"inLanguage\":\"en-GB\",\"@id\":\"https:\/\/tarnabyalpint.se\/aktuellt\/langfredag-den-stora-familjedagen\/#primaryimage\",\"url\":\"https:\/\/tarnabyalpint.se\/wp-content\/uploads\/2022\/08\/Tarnaby-Utforsakning-Alpint-Slalom-Barn-Ungdom-Familj-Glad-Flicka-1-scaled-e1705661646664.jpg\",\"contentUrl\":\"https:\/\/tarnabyalpint.se\/wp-content\/uploads\/2022\/08\/Tarnaby-Utforsakning-Alpint-Slalom-Barn-Ungdom-Familj-Glad-Flicka-1-scaled-e1705661646664.jpg\",\"width\":2555,\"height\":1706,\"caption\":\"Tarnaby Utforsakning Alpint Slalom Barn Ungdom Familj Glad Flicka 1\"},{\"@type\":\"WebSite\",\"@id\":\"https:\/\/tarnabyalpint.se\/#website\",\"url\":\"https:\/\/tarnabyalpint.se\/\",\"name\":\"T\u00e4rnaby Alpint\",\"description\":\"En till WordPress-webbplats\",\"publisher\":{\"@id\":\"https:\/\/tarnabyalpint.se\/#organization\"},\"potentialAction\":[{\"@type\":\"SearchAction\",\"target\":{\"@type\":\"EntryPoint\",\"urlTemplate\":\"https:\/\/tarnabyalpint.se\/?s={search_term_string}\"},\"query-input\":{\"@type\":\"PropertyValueSpecification\",\"valueRequired\":true,\"valueName\":\"search_term_string\"}}],\"inLanguage\":\"en-GB\"},{\"@type\":\"Organization\",\"@id\":\"https:\/\/tarnabyalpint.se\/#organization\",\"name\":\"T\u00e4rnaby Alpint\",\"url\":\"https:\/\/tarnabyalpint.se\/\",\"logo\":{\"@type\":\"ImageObject\",\"inLanguage\":\"en-GB\",\"@id\":\"https:\/\/tarnabyalpint.se\/#\/schema\/logo\/image\/\",\"url\":\"https:\/\/tarnabyalpint.se\/wp-content\/uploads\/2022\/08\/tarnaby-alpint-white-blue-logo.jpg\",\"contentUrl\":\"https:\/\/tarnabyalpint.se\/wp-content\/uploads\/2022\/08\/tarnaby-alpint-white-blue-logo.jpg\",\"width\":900,\"height\":610,\"caption\":\"T\u00e4rnaby Alpint\"},\"image\":{\"@id\":\"https:\/\/tarnabyalpint.se\/#\/schema\/logo\/image\/\"},\"sameAs\":[\"https:\/\/www.facebook.com\/profile.php?id=100063492703007\"]},{\"@type\":\"Person\",\"@id\":\"https:\/\/tarnabyalpint.se\/#\/schema\/person\/77057fdadc9298a25d2bea0dc6f26157\",\"name\":\"ur-admin\",\"image\":{\"@type\":\"ImageObject\",\"inLanguage\":\"en-GB\",\"@id\":\"https:\/\/tarnabyalpint.se\/wp-content\/litespeed\/avatar\/f38d2bf85aaec3f9d5388536292cf810.jpg?ver=1777478888\",\"url\":\"https:\/\/tarnabyalpint.se\/wp-content\/litespeed\/avatar\/f38d2bf85aaec3f9d5388536292cf810.jpg?ver=1777478888\",\"contentUrl\":\"https:\/\/tarnabyalpint.se\/wp-content\/litespeed\/avatar\/f38d2bf85aaec3f9d5388536292cf810.jpg?ver=1777478888\",\"caption\":\"ur-admin\"},\"sameAs\":[\"https:\/\/tarnabyalpint.se\"]}]}<\/script>\n<!-- \/ Yoast SEO plugin. -->","yoast_head_json":{"title":"Good Friday - the big family day - T\u00e4rnaby Alpint","robots":{"index":"index","follow":"follow","max-snippet":"max-snippet:-1","max-image-preview":"max-image-preview:large","max-video-preview":"max-video-preview:-1"},"canonical":"https:\/\/tarnabyalpint.se\/en\/topical\/good-friday-the-big-family-day\/","og_locale":"en_GB","og_type":"article","og_title":"L\u00e5ngfredag \u2013 den stora familjedagen - T\u00e4rnaby Alpint","og_description":"L\u00e5ngfredag \u00e4r det den stora familjedagen vid Linbanan och Monneliften.\u00a0H\u00e4r blir det en dag f\u00f6r hela familjen med roliga aktiviteter [&hellip;]","og_url":"https:\/\/tarnabyalpint.se\/en\/topical\/good-friday-the-big-family-day\/","og_site_name":"T\u00e4rnaby Alpint","article_publisher":"https:\/\/www.facebook.com\/profile.php?id=100063492703007","article_published_time":"2023-04-03T08:56:15+00:00","article_modified_time":"2025-02-25T10:46:58+00:00","og_image":[{"width":2555,"height":1706,"url":"https:\/\/tarnabyalpint.se\/wp-content\/uploads\/2022\/08\/Tarnaby-Utforsakning-Alpint-Slalom-Barn-Ungdom-Familj-Glad-Flicka-1-scaled-e1705661646664.jpg","type":"image\/jpeg"}],"author":"ur-admin","twitter_card":"summary_large_image","twitter_misc":{"Written by":"ur-admin","Estimated reading time":"1 minute"},"schema":{"@context":"https:\/\/schema.org","@graph":[{"@type":"Article","@id":"https:\/\/tarnabyalpint.se\/aktuellt\/langfredag-den-stora-familjedagen\/#article","isPartOf":{"@id":"https:\/\/tarnabyalpint.se\/aktuellt\/langfredag-den-stora-familjedagen\/"},"author":{"name":"ur-admin","@id":"https:\/\/tarnabyalpint.se\/#\/schema\/person\/77057fdadc9298a25d2bea0dc6f26157"},"headline":"L\u00e5ngfredag \u2013 den stora familjedagen","datePublished":"2023-04-03T08:56:15+00:00","dateModified":"2025-02-25T10:46:58+00:00","mainEntityOfPage":{"@id":"https:\/\/tarnabyalpint.se\/aktuellt\/langfredag-den-stora-familjedagen\/"},"wordCount":136,"publisher":{"@id":"https:\/\/tarnabyalpint.se\/#organization"},"image":{"@id":"https:\/\/tarnabyalpint.se\/aktuellt\/langfredag-den-stora-familjedagen\/#primaryimage"},"thumbnailUrl":"https:\/\/tarnabyalpint.se\/wp-content\/uploads\/2022\/08\/Tarnaby-Utforsakning-Alpint-Slalom-Barn-Ungdom-Familj-Glad-Flicka-1-scaled-e1705661646664.jpg","keywords":["Minimonne","V\u00e5ffelstugan","Linbanan","P\u00e5sklov","P\u00e5sk","Familjedag","Sporthotellet","P\u00e5sken2023"],"articleSection":["Aktuellt"],"inLanguage":"en-GB"},{"@type":"WebPage","@id":"https:\/\/tarnabyalpint.se\/aktuellt\/langfredag-den-stora-familjedagen\/","url":"https:\/\/tarnabyalpint.se\/aktuellt\/langfredag-den-stora-familjedagen\/","name":"Good Friday - the big family day - T\u00e4rnaby Alpint","isPartOf":{"@id":"https:\/\/tarnabyalpint.se\/#website"},"primaryImageOfPage":{"@id":"https:\/\/tarnabyalpint.se\/aktuellt\/langfredag-den-stora-familjedagen\/#primaryimage"},"image":{"@id":"https:\/\/tarnabyalpint.se\/aktuellt\/langfredag-den-stora-familjedagen\/#primaryimage"},"thumbnailUrl":"https:\/\/tarnabyalpint.se\/wp-content\/uploads\/2022\/08\/Tarnaby-Utforsakning-Alpint-Slalom-Barn-Ungdom-Familj-Glad-Flicka-1-scaled-e1705661646664.jpg","datePublished":"2023-04-03T08:56:15+00:00","dateModified":"2025-02-25T10:46:58+00:00","inLanguage":"en-GB","potentialAction":[{"@type":"ReadAction","target":["https:\/\/tarnabyalpint.se\/aktuellt\/langfredag-den-stora-familjedagen\/"]}]},{"@type":"ImageObject","inLanguage":"en-GB","@id":"https:\/\/tarnabyalpint.se\/aktuellt\/langfredag-den-stora-familjedagen\/#primaryimage","url":"https:\/\/tarnabyalpint.se\/wp-content\/uploads\/2022\/08\/Tarnaby-Utforsakning-Alpint-Slalom-Barn-Ungdom-Familj-Glad-Flicka-1-scaled-e1705661646664.jpg","contentUrl":"https:\/\/tarnabyalpint.se\/wp-content\/uploads\/2022\/08\/Tarnaby-Utforsakning-Alpint-Slalom-Barn-Ungdom-Familj-Glad-Flicka-1-scaled-e1705661646664.jpg","width":2555,"height":1706,"caption":"Tarnaby Utforsakning Alpint Slalom Barn Ungdom Familj Glad Flicka 1"},{"@type":"WebSite","@id":"https:\/\/tarnabyalpint.se\/#website","url":"https:\/\/tarnabyalpint.se\/","name":"T\u00e4rnaby Alpine Skiing","description":"Another WordPress website","publisher":{"@id":"https:\/\/tarnabyalpint.se\/#organization"},"potentialAction":[{"@type":"SearchAction","target":{"@type":"EntryPoint","urlTemplate":"https:\/\/tarnabyalpint.se\/?s={search_term_string}"},"query-input":{"@type":"PropertyValueSpecification","valueRequired":true,"valueName":"search_term_string"}}],"inLanguage":"en-GB"},{"@type":"Organization","@id":"https:\/\/tarnabyalpint.se\/#organization","name":"T\u00e4rnaby Alpine Skiing","url":"https:\/\/tarnabyalpint.se\/","logo":{"@type":"ImageObject","inLanguage":"en-GB","@id":"https:\/\/tarnabyalpint.se\/#\/schema\/logo\/image\/","url":"https:\/\/tarnabyalpint.se\/wp-content\/uploads\/2022\/08\/tarnaby-alpint-white-blue-logo.jpg","contentUrl":"https:\/\/tarnabyalpint.se\/wp-content\/uploads\/2022\/08\/tarnaby-alpint-white-blue-logo.jpg","width":900,"height":610,"caption":"T\u00e4rnaby Alpint"},"image":{"@id":"https:\/\/tarnabyalpint.se\/#\/schema\/logo\/image\/"},"sameAs":["https:\/\/www.facebook.com\/profile.php?id=100063492703007"]},{"@type":"Person","@id":"https:\/\/tarnabyalpint.se\/#\/schema\/person\/77057fdadc9298a25d2bea0dc6f26157","name":"ur-admin","image":{"@type":"ImageObject","inLanguage":"en-GB","@id":"https:\/\/tarnabyalpint.se\/wp-content\/litespeed\/avatar\/f38d2bf85aaec3f9d5388536292cf810.jpg?ver=1777478888","url":"https:\/\/tarnabyalpint.se\/wp-content\/litespeed\/avatar\/f38d2bf85aaec3f9d5388536292cf810.jpg?ver=1777478888","contentUrl":"https:\/\/tarnabyalpint.se\/wp-content\/litespeed\/avatar\/f38d2bf85aaec3f9d5388536292cf810.jpg?ver=1777478888","caption":"ur-admin"},"sameAs":["https:\/\/tarnabyalpint.se"]}]}},"_links":{"self":[{"href":"https:\/\/tarnabyalpint.se\/en\/wp-json\/wp\/v2\/posts\/2808","targetHints":{"allow":["GET"]}}],"collection":[{"href":"https:\/\/tarnabyalpint.se\/en\/wp-json\/wp\/v2\/posts"}],"about":[{"href":"https:\/\/tarnabyalpint.se\/en\/wp-json\/wp\/v2\/types\/post"}],"author":[{"embeddable":true,"href":"https:\/\/tarnabyalpint.se\/en\/wp-json\/wp\/v2\/users\/1"}],"replies":[{"embeddable":true,"href":"https:\/\/tarnabyalpint.se\/en\/wp-json\/wp\/v2\/comments?post=2808"}],"version-history":[{"count":12,"href":"https:\/\/tarnabyalpint.se\/en\/wp-json\/wp\/v2\/posts\/2808\/revisions"}],"predecessor-version":[{"id":3731,"href":"https:\/\/tarnabyalpint.se\/en\/wp-json\/wp\/v2\/posts\/2808\/revisions\/3731"}],"wp:featuredmedia":[{"embeddable":true,"href":"https:\/\/tarnabyalpint.se\/en\/wp-json\/wp\/v2\/media\/2121"}],"wp:attachment":[{"href":"https:\/\/tarnabyalpint.se\/en\/wp-json\/wp\/v2\/media?parent=2808"}],"wp:term":[{"taxonomy":"category","embeddable":true,"href":"https:\/\/tarnabyalpint.se\/en\/wp-json\/wp\/v2\/categories?post=2808"},{"taxonomy":"post_tag","embeddable":true,"href":"https:\/\/tarnabyalpint.se\/en\/wp-json\/wp\/v2\/tags?post=2808"}],"curies":[{"name":"wp","href":"https:\/\/api.w.org\/{rel}","templated":true}]}}