{"id":2386,"date":"2022-11-15T09:33:43","date_gmt":"2022-11-15T08:33:43","guid":{"rendered":"https:\/\/tarnabyalpint.se\/?p=2386"},"modified":"2023-03-20T11:43:05","modified_gmt":"2023-03-20T10:43:05","slug":"season-premiere-ingemarbacken-opens-on-lordday-19th-november","status":"publish","type":"post","link":"https:\/\/tarnabyalpint.se\/en\/aktuellt\/sasongspremiar-ingemarbacken-oppnar-lordag-19e-november\/","title":{"rendered":"Season premiere - Ingemarbacken opens Saturday 19 November"},"content":{"rendered":"<div class=\"wpb-content-wrapper\"><div data-parent=\"true\" class=\"vc_row row-container\" id=\"row-unique-0\"><div class=\"row single-top-padding single-bottom-padding no-h-padding limit-width row-parent\"><div class=\"wpb_row row-inner\"><div class=\"wpb_column pos-top pos-left align_left column_parent col-lg-12 single-internal-gutter\"><div class=\"uncol style-light\"  ><div class=\"uncoltable\"><div class=\"uncell no-block-padding\" ><div class=\"uncont\" ><div class=\"uncode_text_column\" ><p><strong>On Saturday 19\/11 at 10.00-16.00 Ingemarbacken opens for the season. We are happy that we can finally get started and look forward to another exciting ski season.<\/strong><\/p>\n<p>You can buy lift passes for both the pre-season skiing and the season passes for T\u00e4rnaby\/Hemavan at Ingemarbacken.<\/p>\n<p>See you in the mountains.<\/p>\n<p><strong>Welcome to T\u00e4rnaby!<\/strong><\/p>\n<p><em><strong>ATTENTION!<\/strong> Pre-season lift passes are NOT available in our online shop - but you can easily buy our season passes and other lift passes there.<\/em><\/p>\n<\/div><div class=\"vc_row row-internal row-container\"><div class=\"row row-child\"><div class=\"wpb_row row-inner\"><div class=\"wpb_column pos-top pos-left align_left column_child col-lg-12 single-internal-gutter\"><div class=\"uncol style-light\" ><div class=\"uncoltable\"><div class=\"uncell no-block-padding  unradius-std\" ><div class=\"uncont\" ><div class=\"uncode-single-media  text-left\"><div class=\"single-wrapper\" style=\"max-width: 70%;\"><div class=\"tmb tmb-light  img-round tmb-media-first tmb-media-last tmb-content-overlay tmb-no-bg\"><div class=\"t-inside\"><div class=\"t-entry-visual\"><div class=\"t-entry-visual-tc\"><div class=\"uncode-single-media-wrapper img-round\"><img decoding=\"async\" class=\"wp-image-2360\" src=\"https:\/\/tarnabyalpint.se\/wp-content\/uploads\/2022\/09\/Liftkort-Sasongskort-Tarnaby-Alpint-Familj-1-scaled.jpg\" width=\"2560\" height=\"1707\" alt=\"Lift pass Sasongskort Tarnaby Alpint Familj 1\" srcset=\"https:\/\/tarnabyalpint.se\/wp-content\/uploads\/2022\/09\/Liftkort-Sasongskort-Tarnaby-Alpint-Familj-1-scaled.jpg 2560w, https:\/\/tarnabyalpint.se\/wp-content\/uploads\/2022\/09\/Liftkort-Sasongskort-Tarnaby-Alpint-Familj-1-600x400.jpg 600w, https:\/\/tarnabyalpint.se\/wp-content\/uploads\/2022\/09\/Liftkort-Sasongskort-Tarnaby-Alpint-Familj-1-1400x933.jpg 1400w, https:\/\/tarnabyalpint.se\/wp-content\/uploads\/2022\/09\/Liftkort-Sasongskort-Tarnaby-Alpint-Familj-1-768x512.jpg 768w, https:\/\/tarnabyalpint.se\/wp-content\/uploads\/2022\/09\/Liftkort-Sasongskort-Tarnaby-Alpint-Familj-1-1536x1024.jpg 1536w, https:\/\/tarnabyalpint.se\/wp-content\/uploads\/2022\/09\/Liftkort-Sasongskort-Tarnaby-Alpint-Familj-1-2048x1365.jpg 2048w\" sizes=\"(max-width: 2560px) 100vw, 2560px\" \/><\/div>\n\t\t\t\t\t<\/div>\n\t\t\t\t<\/div><\/div><\/div><\/div><\/div><\/div><\/div><\/div><\/div><\/div><\/div><\/div><\/div><div class=\"uncode_text_column\" ><\/p>\n<h3>Tips for travellers! Book accommodation!<\/h3>\n<p>Here on our website you will find various good options for your stay here in T\u00e4rnaby.<\/p>\n<p><strong><a href=\"https:\/\/tarnabyalpint.se\/en\/accommodation\/\">Click here for more information...<\/a><\/strong><\/p>\n<\/div><\/div><\/div><\/div><\/div><\/div><script id=\"script-row-unique-0\" data-row=\"script-row-unique-0\" type=\"text\/javascript\" class=\"vc_controls\">UNCODE.initRow(document.getElementById(\"row-unique-0\"));<\/script><\/div><\/div><\/div>\n<\/div>","protected":false},"excerpt":{"rendered":"<p>Ready for winter downhill skiing in T\u00e4rnaby and Hemavan? Then take the opportunity to buy a season pass before 31 October at a discounted price.<\/p>","protected":false},"author":1,"featured_media":2394,"comment_status":"closed","ping_status":"closed","sticky":false,"template":"","format":"standard","meta":{"_acf_changed":false,"footnotes":""},"categories":[31],"tags":[58,59,60,61,62,53,54,55,56,57],"class_list":["post-2386","post","type-post","status-publish","format-standard","has-post-thumbnail","hentry","category-aktuellt","tag-skidsystem","tag-liftsystem","tag-premiar","tag-sasongspremiar","tag-ingemarbacken","tag-liftkort","tag-sasongskort","tag-skidakning","tag-hemavan","tag-tarnaby"],"acf":[],"yoast_head":"<!-- This site is optimized with the Yoast SEO plugin v27.2 - https:\/\/yoast.com\/product\/yoast-seo-wordpress\/ -->\n<title>S\u00e4songspremi\u00e4r \u2013 Ingemarbacken \u00f6ppnar l\u00f6rdag 19:e november - T\u00e4rnaby Alpint<\/title>\n<meta name=\"robots\" content=\"index, follow, max-snippet:-1, max-image-preview:large, max-video-preview:-1\" \/>\n<link rel=\"canonical\" href=\"https:\/\/tarnabyalpint.se\/en\/topical\/season-premiere-ingemarbacken-opens-on-lordday-19th-november\/\" \/>\n<meta property=\"og:locale\" content=\"en_GB\" \/>\n<meta property=\"og:type\" content=\"article\" \/>\n<meta property=\"og:title\" content=\"S\u00e4songspremi\u00e4r \u2013 Ingemarbacken \u00f6ppnar l\u00f6rdag 19:e november - T\u00e4rnaby Alpint\" \/>\n<meta property=\"og:description\" content=\"Taggad f\u00f6r vinterns utf\u00f6rs\u00e5kning i T\u00e4rnaby och Hemavan? Passa d\u00e5 p\u00e5 att k\u00f6pa s\u00e4songskort innan den 31 oktober till rabatterat pris.\" \/>\n<meta property=\"og:url\" content=\"https:\/\/tarnabyalpint.se\/en\/topical\/season-premiere-ingemarbacken-opens-on-lordday-19th-november\/\" \/>\n<meta property=\"og:site_name\" content=\"T\u00e4rnaby Alpint\" \/>\n<meta property=\"article:publisher\" content=\"https:\/\/www.facebook.com\/profile.php?id=100063492703007\" \/>\n<meta property=\"article:published_time\" content=\"2022-11-15T08:33:43+00:00\" \/>\n<meta property=\"article:modified_time\" content=\"2023-03-20T10:43:05+00:00\" \/>\n<meta property=\"og:image\" content=\"https:\/\/tarnabyalpint.se\/wp-content\/uploads\/2022\/11\/FBAB310F-E940-4090-AA00-20FB9C06D654.jpeg\" \/>\n\t<meta property=\"og:image:width\" content=\"1206\" \/>\n\t<meta property=\"og:image:height\" content=\"964\" \/>\n\t<meta property=\"og:image:type\" content=\"image\/jpeg\" \/>\n<meta name=\"author\" content=\"ur-admin\" \/>\n<meta name=\"twitter:card\" content=\"summary_large_image\" \/>\n<meta name=\"twitter:label1\" content=\"Written by\" \/>\n\t<meta name=\"twitter:data1\" content=\"ur-admin\" \/>\n\t<meta name=\"twitter:label2\" content=\"Estimated reading time\" \/>\n\t<meta name=\"twitter:data2\" content=\"1 minute\" \/>\n<script type=\"application\/ld+json\" class=\"yoast-schema-graph\">{\"@context\":\"https:\/\/schema.org\",\"@graph\":[{\"@type\":\"Article\",\"@id\":\"https:\/\/tarnabyalpint.se\/aktuellt\/sasongspremiar-ingemarbacken-oppnar-lordag-19e-november\/#article\",\"isPartOf\":{\"@id\":\"https:\/\/tarnabyalpint.se\/aktuellt\/sasongspremiar-ingemarbacken-oppnar-lordag-19e-november\/\"},\"author\":{\"name\":\"ur-admin\",\"@id\":\"https:\/\/tarnabyalpint.se\/#\/schema\/person\/77057fdadc9298a25d2bea0dc6f26157\"},\"headline\":\"S\u00e4songspremi\u00e4r \u2013 Ingemarbacken \u00f6ppnar l\u00f6rdag 19:e november\",\"datePublished\":\"2022-11-15T08:33:43+00:00\",\"dateModified\":\"2023-03-20T10:43:05+00:00\",\"mainEntityOfPage\":{\"@id\":\"https:\/\/tarnabyalpint.se\/aktuellt\/sasongspremiar-ingemarbacken-oppnar-lordag-19e-november\/\"},\"wordCount\":269,\"publisher\":{\"@id\":\"https:\/\/tarnabyalpint.se\/#organization\"},\"image\":{\"@id\":\"https:\/\/tarnabyalpint.se\/aktuellt\/sasongspremiar-ingemarbacken-oppnar-lordag-19e-november\/#primaryimage\"},\"thumbnailUrl\":\"https:\/\/tarnabyalpint.se\/wp-content\/uploads\/2022\/11\/FBAB310F-E940-4090-AA00-20FB9C06D654.jpeg\",\"keywords\":[\"skidsystem\",\"liftsystem\",\"premi\u00e4r\",\"s\u00e4songspremi\u00e4r\",\"Ingemarbacken\",\"liftkort\",\"s\u00e4songskort\",\"skid\u00e5kning\",\"Hemavan\",\"T\u00e4rnaby\"],\"articleSection\":[\"Aktuellt\"],\"inLanguage\":\"en-GB\"},{\"@type\":\"WebPage\",\"@id\":\"https:\/\/tarnabyalpint.se\/aktuellt\/sasongspremiar-ingemarbacken-oppnar-lordag-19e-november\/\",\"url\":\"https:\/\/tarnabyalpint.se\/aktuellt\/sasongspremiar-ingemarbacken-oppnar-lordag-19e-november\/\",\"name\":\"S\u00e4songspremi\u00e4r \u2013 Ingemarbacken \u00f6ppnar l\u00f6rdag 19:e november - T\u00e4rnaby Alpint\",\"isPartOf\":{\"@id\":\"https:\/\/tarnabyalpint.se\/#website\"},\"primaryImageOfPage\":{\"@id\":\"https:\/\/tarnabyalpint.se\/aktuellt\/sasongspremiar-ingemarbacken-oppnar-lordag-19e-november\/#primaryimage\"},\"image\":{\"@id\":\"https:\/\/tarnabyalpint.se\/aktuellt\/sasongspremiar-ingemarbacken-oppnar-lordag-19e-november\/#primaryimage\"},\"thumbnailUrl\":\"https:\/\/tarnabyalpint.se\/wp-content\/uploads\/2022\/11\/FBAB310F-E940-4090-AA00-20FB9C06D654.jpeg\",\"datePublished\":\"2022-11-15T08:33:43+00:00\",\"dateModified\":\"2023-03-20T10:43:05+00:00\",\"inLanguage\":\"en-GB\",\"potentialAction\":[{\"@type\":\"ReadAction\",\"target\":[\"https:\/\/tarnabyalpint.se\/aktuellt\/sasongspremiar-ingemarbacken-oppnar-lordag-19e-november\/\"]}]},{\"@type\":\"ImageObject\",\"inLanguage\":\"en-GB\",\"@id\":\"https:\/\/tarnabyalpint.se\/aktuellt\/sasongspremiar-ingemarbacken-oppnar-lordag-19e-november\/#primaryimage\",\"url\":\"https:\/\/tarnabyalpint.se\/wp-content\/uploads\/2022\/11\/FBAB310F-E940-4090-AA00-20FB9C06D654.jpeg\",\"contentUrl\":\"https:\/\/tarnabyalpint.se\/wp-content\/uploads\/2022\/11\/FBAB310F-E940-4090-AA00-20FB9C06D654.jpeg\",\"width\":1206,\"height\":964,\"caption\":\"FBAB310F E940 4090 AA00 20FB9C06D654\"},{\"@type\":\"WebSite\",\"@id\":\"https:\/\/tarnabyalpint.se\/#website\",\"url\":\"https:\/\/tarnabyalpint.se\/\",\"name\":\"T\u00e4rnaby Alpint\",\"description\":\"En till WordPress-webbplats\",\"publisher\":{\"@id\":\"https:\/\/tarnabyalpint.se\/#organization\"},\"potentialAction\":[{\"@type\":\"SearchAction\",\"target\":{\"@type\":\"EntryPoint\",\"urlTemplate\":\"https:\/\/tarnabyalpint.se\/?s={search_term_string}\"},\"query-input\":{\"@type\":\"PropertyValueSpecification\",\"valueRequired\":true,\"valueName\":\"search_term_string\"}}],\"inLanguage\":\"en-GB\"},{\"@type\":\"Organization\",\"@id\":\"https:\/\/tarnabyalpint.se\/#organization\",\"name\":\"T\u00e4rnaby Alpint\",\"url\":\"https:\/\/tarnabyalpint.se\/\",\"logo\":{\"@type\":\"ImageObject\",\"inLanguage\":\"en-GB\",\"@id\":\"https:\/\/tarnabyalpint.se\/#\/schema\/logo\/image\/\",\"url\":\"https:\/\/tarnabyalpint.se\/wp-content\/uploads\/2022\/08\/tarnaby-alpint-white-blue-logo.jpg\",\"contentUrl\":\"https:\/\/tarnabyalpint.se\/wp-content\/uploads\/2022\/08\/tarnaby-alpint-white-blue-logo.jpg\",\"width\":900,\"height\":610,\"caption\":\"T\u00e4rnaby Alpint\"},\"image\":{\"@id\":\"https:\/\/tarnabyalpint.se\/#\/schema\/logo\/image\/\"},\"sameAs\":[\"https:\/\/www.facebook.com\/profile.php?id=100063492703007\"]},{\"@type\":\"Person\",\"@id\":\"https:\/\/tarnabyalpint.se\/#\/schema\/person\/77057fdadc9298a25d2bea0dc6f26157\",\"name\":\"ur-admin\",\"image\":{\"@type\":\"ImageObject\",\"inLanguage\":\"en-GB\",\"@id\":\"https:\/\/tarnabyalpint.se\/wp-content\/litespeed\/avatar\/f38d2bf85aaec3f9d5388536292cf810.jpg?ver=1776873972\",\"url\":\"https:\/\/tarnabyalpint.se\/wp-content\/litespeed\/avatar\/f38d2bf85aaec3f9d5388536292cf810.jpg?ver=1776873972\",\"contentUrl\":\"https:\/\/tarnabyalpint.se\/wp-content\/litespeed\/avatar\/f38d2bf85aaec3f9d5388536292cf810.jpg?ver=1776873972\",\"caption\":\"ur-admin\"},\"sameAs\":[\"https:\/\/tarnabyalpint.se\"]}]}<\/script>\n<!-- \/ Yoast SEO plugin. -->","yoast_head_json":{"title":"Season premiere - Ingemarbacken opens Saturday 19 November - T\u00e4rnaby Alpint","robots":{"index":"index","follow":"follow","max-snippet":"max-snippet:-1","max-image-preview":"max-image-preview:large","max-video-preview":"max-video-preview:-1"},"canonical":"https:\/\/tarnabyalpint.se\/en\/topical\/season-premiere-ingemarbacken-opens-on-lordday-19th-november\/","og_locale":"en_GB","og_type":"article","og_title":"S\u00e4songspremi\u00e4r \u2013 Ingemarbacken \u00f6ppnar l\u00f6rdag 19:e november - T\u00e4rnaby Alpint","og_description":"Taggad f\u00f6r vinterns utf\u00f6rs\u00e5kning i T\u00e4rnaby och Hemavan? Passa d\u00e5 p\u00e5 att k\u00f6pa s\u00e4songskort innan den 31 oktober till rabatterat pris.","og_url":"https:\/\/tarnabyalpint.se\/en\/topical\/season-premiere-ingemarbacken-opens-on-lordday-19th-november\/","og_site_name":"T\u00e4rnaby Alpint","article_publisher":"https:\/\/www.facebook.com\/profile.php?id=100063492703007","article_published_time":"2022-11-15T08:33:43+00:00","article_modified_time":"2023-03-20T10:43:05+00:00","og_image":[{"width":1206,"height":964,"url":"https:\/\/tarnabyalpint.se\/wp-content\/uploads\/2022\/11\/FBAB310F-E940-4090-AA00-20FB9C06D654.jpeg","type":"image\/jpeg"}],"author":"ur-admin","twitter_card":"summary_large_image","twitter_misc":{"Written by":"ur-admin","Estimated reading time":"1 minute"},"schema":{"@context":"https:\/\/schema.org","@graph":[{"@type":"Article","@id":"https:\/\/tarnabyalpint.se\/aktuellt\/sasongspremiar-ingemarbacken-oppnar-lordag-19e-november\/#article","isPartOf":{"@id":"https:\/\/tarnabyalpint.se\/aktuellt\/sasongspremiar-ingemarbacken-oppnar-lordag-19e-november\/"},"author":{"name":"ur-admin","@id":"https:\/\/tarnabyalpint.se\/#\/schema\/person\/77057fdadc9298a25d2bea0dc6f26157"},"headline":"S\u00e4songspremi\u00e4r \u2013 Ingemarbacken \u00f6ppnar l\u00f6rdag 19:e november","datePublished":"2022-11-15T08:33:43+00:00","dateModified":"2023-03-20T10:43:05+00:00","mainEntityOfPage":{"@id":"https:\/\/tarnabyalpint.se\/aktuellt\/sasongspremiar-ingemarbacken-oppnar-lordag-19e-november\/"},"wordCount":269,"publisher":{"@id":"https:\/\/tarnabyalpint.se\/#organization"},"image":{"@id":"https:\/\/tarnabyalpint.se\/aktuellt\/sasongspremiar-ingemarbacken-oppnar-lordag-19e-november\/#primaryimage"},"thumbnailUrl":"https:\/\/tarnabyalpint.se\/wp-content\/uploads\/2022\/11\/FBAB310F-E940-4090-AA00-20FB9C06D654.jpeg","keywords":["skidsystem","liftsystem","premi\u00e4r","s\u00e4songspremi\u00e4r","Ingemarbacken","liftkort","s\u00e4songskort","skid\u00e5kning","Hemavan","T\u00e4rnaby"],"articleSection":["Aktuellt"],"inLanguage":"en-GB"},{"@type":"WebPage","@id":"https:\/\/tarnabyalpint.se\/aktuellt\/sasongspremiar-ingemarbacken-oppnar-lordag-19e-november\/","url":"https:\/\/tarnabyalpint.se\/aktuellt\/sasongspremiar-ingemarbacken-oppnar-lordag-19e-november\/","name":"Season premiere - Ingemarbacken opens Saturday 19 November - T\u00e4rnaby Alpint","isPartOf":{"@id":"https:\/\/tarnabyalpint.se\/#website"},"primaryImageOfPage":{"@id":"https:\/\/tarnabyalpint.se\/aktuellt\/sasongspremiar-ingemarbacken-oppnar-lordag-19e-november\/#primaryimage"},"image":{"@id":"https:\/\/tarnabyalpint.se\/aktuellt\/sasongspremiar-ingemarbacken-oppnar-lordag-19e-november\/#primaryimage"},"thumbnailUrl":"https:\/\/tarnabyalpint.se\/wp-content\/uploads\/2022\/11\/FBAB310F-E940-4090-AA00-20FB9C06D654.jpeg","datePublished":"2022-11-15T08:33:43+00:00","dateModified":"2023-03-20T10:43:05+00:00","inLanguage":"en-GB","potentialAction":[{"@type":"ReadAction","target":["https:\/\/tarnabyalpint.se\/aktuellt\/sasongspremiar-ingemarbacken-oppnar-lordag-19e-november\/"]}]},{"@type":"ImageObject","inLanguage":"en-GB","@id":"https:\/\/tarnabyalpint.se\/aktuellt\/sasongspremiar-ingemarbacken-oppnar-lordag-19e-november\/#primaryimage","url":"https:\/\/tarnabyalpint.se\/wp-content\/uploads\/2022\/11\/FBAB310F-E940-4090-AA00-20FB9C06D654.jpeg","contentUrl":"https:\/\/tarnabyalpint.se\/wp-content\/uploads\/2022\/11\/FBAB310F-E940-4090-AA00-20FB9C06D654.jpeg","width":1206,"height":964,"caption":"FBAB310F E940 4090 AA00 20FB9C06D654"},{"@type":"WebSite","@id":"https:\/\/tarnabyalpint.se\/#website","url":"https:\/\/tarnabyalpint.se\/","name":"T\u00e4rnaby Alpine Skiing","description":"Another WordPress website","publisher":{"@id":"https:\/\/tarnabyalpint.se\/#organization"},"potentialAction":[{"@type":"SearchAction","target":{"@type":"EntryPoint","urlTemplate":"https:\/\/tarnabyalpint.se\/?s={search_term_string}"},"query-input":{"@type":"PropertyValueSpecification","valueRequired":true,"valueName":"search_term_string"}}],"inLanguage":"en-GB"},{"@type":"Organization","@id":"https:\/\/tarnabyalpint.se\/#organization","name":"T\u00e4rnaby Alpine Skiing","url":"https:\/\/tarnabyalpint.se\/","logo":{"@type":"ImageObject","inLanguage":"en-GB","@id":"https:\/\/tarnabyalpint.se\/#\/schema\/logo\/image\/","url":"https:\/\/tarnabyalpint.se\/wp-content\/uploads\/2022\/08\/tarnaby-alpint-white-blue-logo.jpg","contentUrl":"https:\/\/tarnabyalpint.se\/wp-content\/uploads\/2022\/08\/tarnaby-alpint-white-blue-logo.jpg","width":900,"height":610,"caption":"T\u00e4rnaby Alpint"},"image":{"@id":"https:\/\/tarnabyalpint.se\/#\/schema\/logo\/image\/"},"sameAs":["https:\/\/www.facebook.com\/profile.php?id=100063492703007"]},{"@type":"Person","@id":"https:\/\/tarnabyalpint.se\/#\/schema\/person\/77057fdadc9298a25d2bea0dc6f26157","name":"ur-admin","image":{"@type":"ImageObject","inLanguage":"en-GB","@id":"https:\/\/tarnabyalpint.se\/wp-content\/litespeed\/avatar\/f38d2bf85aaec3f9d5388536292cf810.jpg?ver=1776873972","url":"https:\/\/tarnabyalpint.se\/wp-content\/litespeed\/avatar\/f38d2bf85aaec3f9d5388536292cf810.jpg?ver=1776873972","contentUrl":"https:\/\/tarnabyalpint.se\/wp-content\/litespeed\/avatar\/f38d2bf85aaec3f9d5388536292cf810.jpg?ver=1776873972","caption":"ur-admin"},"sameAs":["https:\/\/tarnabyalpint.se"]}]}},"_links":{"self":[{"href":"https:\/\/tarnabyalpint.se\/en\/wp-json\/wp\/v2\/posts\/2386","targetHints":{"allow":["GET"]}}],"collection":[{"href":"https:\/\/tarnabyalpint.se\/en\/wp-json\/wp\/v2\/posts"}],"about":[{"href":"https:\/\/tarnabyalpint.se\/en\/wp-json\/wp\/v2\/types\/post"}],"author":[{"embeddable":true,"href":"https:\/\/tarnabyalpint.se\/en\/wp-json\/wp\/v2\/users\/1"}],"replies":[{"embeddable":true,"href":"https:\/\/tarnabyalpint.se\/en\/wp-json\/wp\/v2\/comments?post=2386"}],"version-history":[{"count":10,"href":"https:\/\/tarnabyalpint.se\/en\/wp-json\/wp\/v2\/posts\/2386\/revisions"}],"predecessor-version":[{"id":2411,"href":"https:\/\/tarnabyalpint.se\/en\/wp-json\/wp\/v2\/posts\/2386\/revisions\/2411"}],"wp:featuredmedia":[{"embeddable":true,"href":"https:\/\/tarnabyalpint.se\/en\/wp-json\/wp\/v2\/media\/2394"}],"wp:attachment":[{"href":"https:\/\/tarnabyalpint.se\/en\/wp-json\/wp\/v2\/media?parent=2386"}],"wp:term":[{"taxonomy":"category","embeddable":true,"href":"https:\/\/tarnabyalpint.se\/en\/wp-json\/wp\/v2\/categories?post=2386"},{"taxonomy":"post_tag","embeddable":true,"href":"https:\/\/tarnabyalpint.se\/en\/wp-json\/wp\/v2\/tags?post=2386"}],"curies":[{"name":"wp","href":"https:\/\/api.w.org\/{rel}","templated":true}]}}